{"id":18422,"date":"2025-08-16T09:45:31","date_gmt":"2025-08-16T13:45:31","guid":{"rendered":"https:\/\/samantharadionline.com\/?p=18422"},"modified":"2025-08-16T09:45:32","modified_gmt":"2025-08-16T13:45:32","slug":"servicio-electrico-mejorara-a-partir-del-domingo","status":"publish","type":"post","link":"https:\/\/samantharadionline.com\/index.php\/2025\/08\/16\/servicio-electrico-mejorara-a-partir-del-domingo\/","title":{"rendered":"Servicio el\u00e9ctrico mejorar\u00e1 a partir del domingo"},"content":{"rendered":"\n<p class=\"has-medium-font-size\"><em>Los recientes cortes el\u00e9ctricos han sido por las altas temperaturas y\u00a0salida de operaci\u00f3n de varias plantas de generaci\u00f3n<\/em><\/p>\n\n\n\n<p>L.D., <strong>Santo Domingo, RD<\/strong><\/p>\n\n\n\n<p>El ministro de&nbsp;<strong>Energ\u00eda y Minas<\/strong>, Joel Santos, inform\u00f3 que el servicio el\u00e9ctrico del pa\u00eds experimentar\u00e1 una mejor\u00eda significativa a partir del domingo, gracias a la reincorporaci\u00f3n al&nbsp;<strong>Sistema El\u00e9ctrico Nacional Interconectado&nbsp;<\/strong>(SENI) de plantas generadoras que, en conjunto, aportar\u00e1n 525 megavatios a la capacidad instalada.<\/p>\n\n\n\n<p>Santos explic\u00f3 que los recientes&nbsp;<strong>cortes energ\u00e9ticos<\/strong>&nbsp;han sido ocasionados, principalmente, por dos factores: el incremento extraordinario de la demanda, debido a las&nbsp;<strong>altas temperaturas registradas en el territorio nacional<\/strong>, y la salida reciente de operaci\u00f3n de varias plantas de generaci\u00f3n por razones t\u00e9cnicas.<\/p>\n\n\n\n<p>De acuerdo con un comunicado de prensa, entre las unidades que se han visto afectadas se encuentra&nbsp;<strong>Punta Catalina 2<\/strong>, con una capacidad de 360 megavatios, la cual est\u00e1 programada para reintegrarse entre la madrugada de este s\u00e1bado y el domingo.<\/p>\n\n\n\n<p>Asimismo, Los Mina V, con 120 megavatios, se incorpor\u00f3 nuevamente al SENI al mediod\u00eda de este viernes, mientras que la planta SIBA redujo temporalmente 45 megavatios por el proceso de cierre de su ciclo actual para pasar a ciclo combinado, reintegrando esa capacidad en el transcurso de este viernes.<\/p>\n\n\n\n<p>\u201c<strong>Entre hoy y el domingo recuperaremos un total de 525 megavatios, lo que permitir\u00e1 reducir las interrupciones y estabilizar la oferta de energ\u00eda<\/strong>&nbsp;a la poblaci\u00f3n, coloc\u00e1ndonos en mejor posici\u00f3n de combatir las altas temperaturas que afectan no solo al pa\u00eds, sino al resto del mundo\u201d, asegur\u00f3 el ministro.<\/p>\n\n\n\n<p>Adem\u00e1s, Santos adelant\u00f3 que en los pr\u00f3ximos seis meses el pa\u00eds contar\u00e1 con nueva generaci\u00f3n que reforzar\u00e1 la estabilidad del SENI. En octubre entrar\u00e1n en servicio las plantas Energas 4, con 130 megavatios, y la expansi\u00f3n de SIBA, con 68 megavatios adicionales.<\/p>\n\n\n\n<p>Asegur\u00f3 que en el primer trimestre de 2026 est\u00e1 prevista la entrada en operaci\u00f3n de la planta Energ\u00eda 2000, que aportar\u00e1 414 megavatios, para un total de 612 megavatios de nueva capacidad instalada.<\/p>\n\n\n\n<p>\u201cEl Gobierno del presidente Luis Abinader tiene como prioridad ofrecer un servicio el\u00e9ctrico confiable y de calidad. Estamos haciendo todos los esfuerzos para garantizar que la energ\u00eda servida cumpla con las necesidades de la poblaci\u00f3n y del sector productivo\u201d, concluy\u00f3.<\/p>\n","protected":false},"excerpt":{"rendered":"<p>Los recientes cortes el\u00e9ctricos han sido por las altas temperaturas y\u00a0salida de operaci\u00f3n de varias<\/p>\n","protected":false},"author":1,"featured_media":18423,"comment_status":"open","ping_status":"open","sticky":false,"template":"","format":"standard","meta":{"footnotes":""},"categories":[4],"tags":[],"class_list":["post-18422","post","type-post","status-publish","format-standard","has-post-thumbnail","hentry","category-mundiales"],"_links":{"self":[{"href":"https:\/\/samantharadionline.com\/index.php\/wp-json\/wp\/v2\/posts\/18422","targetHints":{"allow":["GET"]}}],"collection":[{"href":"https:\/\/samantharadionline.com\/index.php\/wp-json\/wp\/v2\/posts"}],"about":[{"href":"https:\/\/samantharadionline.com\/index.php\/wp-json\/wp\/v2\/types\/post"}],"author":[{"embeddable":true,"href":"https:\/\/samantharadionline.com\/index.php\/wp-json\/wp\/v2\/users\/1"}],"replies":[{"embeddable":true,"href":"https:\/\/samantharadionline.com\/index.php\/wp-json\/wp\/v2\/comments?post=18422"}],"version-history":[{"count":1,"href":"https:\/\/samantharadionline.com\/index.php\/wp-json\/wp\/v2\/posts\/18422\/revisions"}],"predecessor-version":[{"id":18424,"href":"https:\/\/samantharadionline.com\/index.php\/wp-json\/wp\/v2\/posts\/18422\/revisions\/18424"}],"wp:featuredmedia":[{"embeddable":true,"href":"https:\/\/samantharadionline.com\/index.php\/wp-json\/wp\/v2\/media\/18423"}],"wp:attachment":[{"href":"https:\/\/samantharadionline.com\/index.php\/wp-json\/wp\/v2\/media?parent=18422"}],"wp:term":[{"taxonomy":"category","embeddable":true,"href":"https:\/\/samantharadionline.com\/index.php\/wp-json\/wp\/v2\/categories?post=18422"},{"taxonomy":"post_tag","embeddable":true,"href":"https:\/\/samantharadionline.com\/index.php\/wp-json\/wp\/v2\/tags?post=18422"}],"curies":[{"name":"wp","href":"https:\/\/api.w.org\/{rel}","templated":true}]}}