{"id":18410,"date":"2025-08-15T19:53:32","date_gmt":"2025-08-15T23:53:32","guid":{"rendered":"https:\/\/samantharadionline.com\/?p=18410"},"modified":"2025-08-15T19:53:32","modified_gmt":"2025-08-15T23:53:32","slug":"8-provincias-en-alerta-verde-por-el-huracan-erin","status":"publish","type":"post","link":"https:\/\/samantharadionline.com\/index.php\/2025\/08\/15\/8-provincias-en-alerta-verde-por-el-huracan-erin\/","title":{"rendered":"8 provincias en alerta verde por el hurac\u00e1n Erin"},"content":{"rendered":"\n<p class=\"has-medium-font-size\"><em>Son La Altagracia, Hato Mayor, Espaillat, Monte Cristi, El Seibo, Saman\u00e1, Mar\u00eda Trinidad S\u00e1nchez y Puerto Plata<\/em><\/p>\n\n\n\n<figure class=\"wp-block-image\"><img decoding=\"async\" src=\"https:\/\/listindiario.com\/files\/image_60_60\/uploads\/2023\/05\/24\/646e8604494e2.jpeg\" alt=\"Avatar del Yudelka Dom\u00ednguez\"\/><\/figure>\n\n\n\n<p><em>\u00a0<\/em>Yudelka Dom\u00ednguez,<strong> Santo Domingo, RD.<\/strong><\/p>\n\n\n\n<p>El&nbsp;<strong>Centro de Operaciones de Emergencia<\/strong>&nbsp;(COE) coloc\u00f3 en alerta verde a todas las provincias de la costa del atl\u00e1ntica ante el paso del hurac\u00e1n Erin, cuyo centro estar\u00e1 el domingo a unos 400 kil\u00f3metros del extremo noreste del pa\u00eds.<\/p>\n\n\n\n<p>Las provincias en alerta verde son&nbsp;<strong>La Altagracia, Hato Mayor, Espaillat, Monte Cristi, El Seibo, Saman\u00e1, Mar\u00eda Trinidad S\u00e1nchez y Puerto Plata.<\/strong><\/p>\n\n\n\n<p>\u201cLe vamos a pedir desde ya, 24-36 horas antes, tomar todas las medidas de lugar. La poblaci\u00f3n, en sentido general, debe entender que el primer principio de gesti\u00f3n de riesgo es a autoevacuaci\u00f3n, no deben esperar que llegue una autoridad a sacarte de un lugar que est\u00e9 inseguro\u201d, indic\u00f3 Juan Manuel Mendez, director del COE.<\/p>\n\n\n\n<p>Las lluvias incidir\u00e1n en el pa\u00eds a partir de la tarde del s\u00e1bado, en especial en el extremo Este y Noreste de territorio nacional, pero estar\u00e1n con m\u00e1s presencia el domingo debido a que el centro del hurac\u00e1n se ubicar\u00e1 m\u00e1s pr\u00f3ximo del territorio nacional.<\/p>\n\n\n\n<p>Los acumulados de lluvias ser\u00e1n entre 70-75 mil\u00edmetros, por lo que esto representa inundaciones urbanas.<\/p>\n\n\n\n<p><strong>Juan Manuel M\u00e9ndez, director del COE,<\/strong>&nbsp;adelant\u00f3 que ma\u00f1ana emitir\u00e1n recomendaciones con el uso de las playas en toda la costa atl\u00e1ntica y para el Gran Santo Domingo.<\/p>\n\n\n\n<p>Asimismo, a partir de ma\u00f1ana a las 5:00 de la tarde recomendaron a las peque\u00f1as, medianas y grandes embarcaciones, permanecer en puerto desde La Altagracia hasta Monte Cristi.<\/p>\n\n\n\n<p>De igual forma, informaron que en esas provincias hay disponibles unos 779 albergues para una capacidad de 181,765 personas.<\/p>\n\n\n\n<p>Juan Manuel M\u00e9ndez llam\u00f3 a la poblaci\u00f3n a que por ser \u201cfin de semana no se desconecte, y mantenga el contacto con el COE a trav\u00e9s del 809-472-0909\u201d.<\/p>\n","protected":false},"excerpt":{"rendered":"<p>Son La Altagracia, Hato Mayor, Espaillat, Monte Cristi, El Seibo, Saman\u00e1, Mar\u00eda Trinidad S\u00e1nchez y<\/p>\n","protected":false},"author":1,"featured_media":18411,"comment_status":"open","ping_status":"open","sticky":false,"template":"","format":"standard","meta":{"footnotes":""},"categories":[12],"tags":[],"class_list":["post-18410","post","type-post","status-publish","format-standard","has-post-thumbnail","hentry","category-nacionales"],"_links":{"self":[{"href":"https:\/\/samantharadionline.com\/index.php\/wp-json\/wp\/v2\/posts\/18410","targetHints":{"allow":["GET"]}}],"collection":[{"href":"https:\/\/samantharadionline.com\/index.php\/wp-json\/wp\/v2\/posts"}],"about":[{"href":"https:\/\/samantharadionline.com\/index.php\/wp-json\/wp\/v2\/types\/post"}],"author":[{"embeddable":true,"href":"https:\/\/samantharadionline.com\/index.php\/wp-json\/wp\/v2\/users\/1"}],"replies":[{"embeddable":true,"href":"https:\/\/samantharadionline.com\/index.php\/wp-json\/wp\/v2\/comments?post=18410"}],"version-history":[{"count":1,"href":"https:\/\/samantharadionline.com\/index.php\/wp-json\/wp\/v2\/posts\/18410\/revisions"}],"predecessor-version":[{"id":18412,"href":"https:\/\/samantharadionline.com\/index.php\/wp-json\/wp\/v2\/posts\/18410\/revisions\/18412"}],"wp:featuredmedia":[{"embeddable":true,"href":"https:\/\/samantharadionline.com\/index.php\/wp-json\/wp\/v2\/media\/18411"}],"wp:attachment":[{"href":"https:\/\/samantharadionline.com\/index.php\/wp-json\/wp\/v2\/media?parent=18410"}],"wp:term":[{"taxonomy":"category","embeddable":true,"href":"https:\/\/samantharadionline.com\/index.php\/wp-json\/wp\/v2\/categories?post=18410"},{"taxonomy":"post_tag","embeddable":true,"href":"https:\/\/samantharadionline.com\/index.php\/wp-json\/wp\/v2\/tags?post=18410"}],"curies":[{"name":"wp","href":"https:\/\/api.w.org\/{rel}","templated":true}]}}