{"id":18401,"date":"2025-08-15T15:31:40","date_gmt":"2025-08-15T19:31:40","guid":{"rendered":"https:\/\/samantharadionline.com\/?p=18401"},"modified":"2025-08-15T15:31:41","modified_gmt":"2025-08-15T19:31:41","slug":"se-dan-un-apreton-de-manos-antes-de-la-cumbre-en-alaska","status":"publish","type":"post","link":"https:\/\/samantharadionline.com\/index.php\/2025\/08\/15\/se-dan-un-apreton-de-manos-antes-de-la-cumbre-en-alaska\/","title":{"rendered":"Se dan un apret\u00f3n de manos antes de la cumbre en Alaska"},"content":{"rendered":"\n<p class=\"has-medium-font-size\"><em>El presidente ruso, Vladimir Putin, estar\u00e1 acompa\u00f1ado por su ministro de Relaciones Exteriores y un asesor<\/em><\/p>\n\n\n\n<figure class=\"wp-block-image\"><img decoding=\"async\" src=\"https:\/\/listindiario.com\/files\/image_60_60\/uploads\/2025\/06\/12\/684b39171bfd7.jpeg\" alt=\"Avatar del Agencia AFP\"\/><\/figure>\n\n\n\n<p><em>\u00a0<\/em>Agencia AFP, <strong>Anchorage, Estados Unidos<\/strong><\/p>\n\n\n\n<p>El presidente ruso, Vladimir Putin, lleg\u00f3 este viernes a una base militar en Alaska para una cumbre con su hom\u00f3logo estadounidense, Donald Trump, sobre la guerra en Ucrania.<\/p>\n\n\n\n<p>La reuni\u00f3n en la Base Conjunta Elmendorf-Richardson ser\u00e1 la primera del l\u00edder del Kremlin en territorio occidental tras el inicio de la invasi\u00f3n a gran escala de Ucrania por parte de Rusia en febrero de 2022.<\/p>\n\n\n\n<p>El presidente ruso, Vladimir Putin, estar\u00e1 acompa\u00f1ado por su ministro de Relaciones Exteriores y un asesor durante su reuni\u00f3n en Alaska con su hom\u00f3logo estadounidense Donald Trump, inform\u00f3 el Kremlin a CNN.<\/p>\n\n\n\n<p>Inicialmente, la reuni\u00f3n estaba programada para que fuera a solas entre ambos dirigentes. El portavoz del Kremlin, Dmitri Peskov, inform\u00f3 al canal de televisi\u00f3n estadounidense que el canciller Sergu\u00e9i Lavrov y el consejero Yuri Ushakov estar\u00e1n presentes en el encuentro.<\/p>\n","protected":false},"excerpt":{"rendered":"<p>El presidente ruso, Vladimir Putin, estar\u00e1 acompa\u00f1ado por su ministro de Relaciones Exteriores y un<\/p>\n","protected":false},"author":1,"featured_media":18402,"comment_status":"open","ping_status":"open","sticky":false,"template":"","format":"standard","meta":{"footnotes":""},"categories":[4],"tags":[],"class_list":["post-18401","post","type-post","status-publish","format-standard","has-post-thumbnail","hentry","category-mundiales"],"_links":{"self":[{"href":"https:\/\/samantharadionline.com\/index.php\/wp-json\/wp\/v2\/posts\/18401","targetHints":{"allow":["GET"]}}],"collection":[{"href":"https:\/\/samantharadionline.com\/index.php\/wp-json\/wp\/v2\/posts"}],"about":[{"href":"https:\/\/samantharadionline.com\/index.php\/wp-json\/wp\/v2\/types\/post"}],"author":[{"embeddable":true,"href":"https:\/\/samantharadionline.com\/index.php\/wp-json\/wp\/v2\/users\/1"}],"replies":[{"embeddable":true,"href":"https:\/\/samantharadionline.com\/index.php\/wp-json\/wp\/v2\/comments?post=18401"}],"version-history":[{"count":1,"href":"https:\/\/samantharadionline.com\/index.php\/wp-json\/wp\/v2\/posts\/18401\/revisions"}],"predecessor-version":[{"id":18403,"href":"https:\/\/samantharadionline.com\/index.php\/wp-json\/wp\/v2\/posts\/18401\/revisions\/18403"}],"wp:featuredmedia":[{"embeddable":true,"href":"https:\/\/samantharadionline.com\/index.php\/wp-json\/wp\/v2\/media\/18402"}],"wp:attachment":[{"href":"https:\/\/samantharadionline.com\/index.php\/wp-json\/wp\/v2\/media?parent=18401"}],"wp:term":[{"taxonomy":"category","embeddable":true,"href":"https:\/\/samantharadionline.com\/index.php\/wp-json\/wp\/v2\/categories?post=18401"},{"taxonomy":"post_tag","embeddable":true,"href":"https:\/\/samantharadionline.com\/index.php\/wp-json\/wp\/v2\/tags?post=18401"}],"curies":[{"name":"wp","href":"https:\/\/api.w.org\/{rel}","templated":true}]}}