{"id":18366,"date":"2025-08-14T15:46:59","date_gmt":"2025-08-14T19:46:59","guid":{"rendered":"https:\/\/samantharadionline.com\/?p=18366"},"modified":"2025-08-14T15:47:00","modified_gmt":"2025-08-14T19:47:00","slug":"pentagono-afirma-que-la-guardia-nacional-ya-fue-desplegada-en-washington","status":"publish","type":"post","link":"https:\/\/samantharadionline.com\/index.php\/2025\/08\/14\/pentagono-afirma-que-la-guardia-nacional-ya-fue-desplegada-en-washington\/","title":{"rendered":"Pent\u00e1gono afirma que la Guardia Nacional ya fue desplegada en Washington"},"content":{"rendered":"\n<p class=\"has-medium-font-size\"><em>Las tropas \u00abpermanecer\u00e1n hasta que se restablezca la ley y el orden en el Distrito, seg\u00fan lo determine el presidente\u00bb<\/em><\/p>\n\n\n\n<p><em>\u00a0<\/em>Agencia AFP, <strong>Washington, Estados Unidos<\/strong><\/p>\n\n\n\n<p>La totalidad de los 800 efectivos de la Guardia Nacional que el presidente Donald Trump orden\u00f3 desplegar en Washington para apoyar a las fuerzas del orden ya fueron movilizados, inform\u00f3 este jueves el Pent\u00e1gono.<\/p>\n\n\n\n<p>Trump orden\u00f3 el despliegue como parte de lo que describi\u00f3 como una ofensiva contra la delincuencia en la capital, donde los delitos violentos han sin embargo disminuido.<\/p>\n\n\n\n<p>\u00abA partir de hoy, los 800 efectivos de la Guardia Nacional del Ej\u00e9rcito y la Fuerza A\u00e9rea est\u00e1n movilizados (&#8230;) como parte de la Fuerza de Tarea Conjunta de Washington D.C. y ya se encuentran aqu\u00ed en nuestra capital\u00bb, declar\u00f3 a la prensa la portavoz del Pent\u00e1gono, Kingsley Wilson.<\/p>\n\n\n\n<p>\u00abAsistir\u00e1n al Departamento de Polic\u00eda Metropolitana de Washington y a las fuerzas del orden federales con la seguridad de monumentos, las patrullas de seguridad comunitaria, la protecci\u00f3n de instalaciones y agentes federales\u00bb y los puestos de control de tr\u00e1fico, precis\u00f3.<\/p>\n\n\n\n<p>Las tropas \u00abpermanecer\u00e1n hasta que se restablezca la ley y el orden en el Distrito, seg\u00fan lo determine el presidente\u00bb, a\u00f1adi\u00f3.<\/p>\n\n\n\n<p>Trump hab\u00eda anunciado el lunes el despliegue de la Guardia Nacional, junto con la intervenci\u00f3n federal del departamento de polic\u00eda de la ciudad, y prometi\u00f3 \u00abrecuperar\u00bb Washington.<\/p>\n\n\n\n<p>Pol\u00edticos republicanos sostienen que la capital, gobernada por dem\u00f3cratas, est\u00e1 invadida por la delincuencia, personas viviendo en la calle y los acusan de una mala gesti\u00f3n financiera.<\/p>\n\n\n\n<p>Sin embargo, datos de la polic\u00eda de Washington muestran descensos significativos en la delincuencia violenta entre 2023 y 2024.<\/p>\n\n\n\n<p>El despliegue de tropas en Washington se produce despu\u00e9s de que el presidente Trump enviara semanas atr\u00e1s a la Guardia Nacional y a la Infanter\u00eda de Marina para sofocar protestas en Los \u00c1ngeles, California, contra las redadas migratorias.<\/p>\n\n\n\n<p>Fue la primera vez desde 1965 que un presidente estadounidense despleg\u00f3 la Guardia Nacional contra la voluntad de un gobernador estatal.<\/p>\n","protected":false},"excerpt":{"rendered":"<p>Las tropas \u00abpermanecer\u00e1n hasta que se restablezca la ley y el orden en el Distrito,<\/p>\n","protected":false},"author":1,"featured_media":18367,"comment_status":"open","ping_status":"open","sticky":false,"template":"","format":"standard","meta":{"footnotes":""},"categories":[4],"tags":[],"class_list":["post-18366","post","type-post","status-publish","format-standard","has-post-thumbnail","hentry","category-mundiales"],"_links":{"self":[{"href":"https:\/\/samantharadionline.com\/index.php\/wp-json\/wp\/v2\/posts\/18366","targetHints":{"allow":["GET"]}}],"collection":[{"href":"https:\/\/samantharadionline.com\/index.php\/wp-json\/wp\/v2\/posts"}],"about":[{"href":"https:\/\/samantharadionline.com\/index.php\/wp-json\/wp\/v2\/types\/post"}],"author":[{"embeddable":true,"href":"https:\/\/samantharadionline.com\/index.php\/wp-json\/wp\/v2\/users\/1"}],"replies":[{"embeddable":true,"href":"https:\/\/samantharadionline.com\/index.php\/wp-json\/wp\/v2\/comments?post=18366"}],"version-history":[{"count":1,"href":"https:\/\/samantharadionline.com\/index.php\/wp-json\/wp\/v2\/posts\/18366\/revisions"}],"predecessor-version":[{"id":18368,"href":"https:\/\/samantharadionline.com\/index.php\/wp-json\/wp\/v2\/posts\/18366\/revisions\/18368"}],"wp:featuredmedia":[{"embeddable":true,"href":"https:\/\/samantharadionline.com\/index.php\/wp-json\/wp\/v2\/media\/18367"}],"wp:attachment":[{"href":"https:\/\/samantharadionline.com\/index.php\/wp-json\/wp\/v2\/media?parent=18366"}],"wp:term":[{"taxonomy":"category","embeddable":true,"href":"https:\/\/samantharadionline.com\/index.php\/wp-json\/wp\/v2\/categories?post=18366"},{"taxonomy":"post_tag","embeddable":true,"href":"https:\/\/samantharadionline.com\/index.php\/wp-json\/wp\/v2\/tags?post=18366"}],"curies":[{"name":"wp","href":"https:\/\/api.w.org\/{rel}","templated":true}]}}