{"id":18363,"date":"2025-08-14T15:43:27","date_gmt":"2025-08-14T19:43:27","guid":{"rendered":"https:\/\/samantharadionline.com\/?p=18363"},"modified":"2025-08-14T16:00:19","modified_gmt":"2025-08-14T20:00:19","slug":"air-canada-empieza-a-cancelar-docenas-de-vuelos-internacionales-de-larga-distancia","status":"publish","type":"post","link":"https:\/\/samantharadionline.com\/index.php\/2025\/08\/14\/air-canada-empieza-a-cancelar-docenas-de-vuelos-internacionales-de-larga-distancia\/","title":{"rendered":"Agencia A\u00e9rea cancela docenas de vuelos internacionales de larga distancia"},"content":{"rendered":"\n<h2 class=\"wp-block-heading has-medium-font-size\"><em>Air Canad\u00e1 suspender\u00e1 \u00abunos 500 vuelos\u00bb a <em>partir del viernes <\/em>lo que afectar\u00e1 a 100.000 pasajeros.<\/em><\/h2>\n\n\n\n<p><em>&nbsp;<\/em>Agencia EFE, <strong>TORONTO<\/strong><\/p>\n\n\n\n<p>Air Canad\u00e1, la principal l\u00ednea \u00e1rea de Canad\u00e1 y una de las m\u00e1s importantes de Norteam\u00e9rica, empez\u00f3 a cancelar docenas de vuelos internacionales de larga distancia en preparaci\u00f3n a que sus auxiliares de cabina se declaren en huelga el s\u00e1bado.<\/p>\n\n\n\n<p>En una rueda de prensa celebrada este jueves en Toronto, el director de operaciones de Air Canada, Mark Nasr, se\u00f1al\u00f3 que aunque este jueves las cancelaciones solo afectar\u00e1n a varias docenas de rutas, a partir del viernes la compa\u00f1\u00eda suspender\u00e1 \u00abunos 500 vuelos\u00bb lo que afectar\u00e1 a unos 100.000 pasajeros.<\/p>\n\n\n\n<p>\u00abTodos los vuelos ser\u00e1n suspendidos el s\u00e1bado a primera hora. Este planteamiento ayudar\u00e1 a limitar el impacto de la huelga al permitir que tantos pasajeros como sea posible completen sus viajes\u00bb, se\u00f1al\u00f3 Christophe Hennebelle, director de comunicaciones de la compa\u00f1\u00eda.<\/p>\n\n\n\n<p>\u00abLo que es m\u00e1s importante, ayudar\u00e1 a facilitar un reinicio de forma ordenada, que, bajo las mejores circunstancias, requerir\u00e1 toda una semana\u00bb, a\u00f1adi\u00f3.<\/p>\n\n\n\n<p>Hennebelle suspendi\u00f3 la rueda de prensa despu\u00e9s de que un grupo de auxiliares de vuelo iniciaran una protesta silenciosa en la sala donde se encontraban los medios de comunicaci\u00f3n.<\/p>\n\n\n\n<p>Unos 10.000 auxiliares de vuelo de Air Canada, la quinta aerol\u00ednea m\u00e1s grande de Norteam\u00e9rica, comunicaron a la compa\u00f1\u00eda que est\u00e1n dispuestos a declararse en huelga el s\u00e1bado ante el estancamiento de las negociaciones para la firma de un nuevo convenio colectivo.<\/p>\n\n\n\n<p>Las negociaciones, que se iniciaron hace ocho meses, se centran en condiciones laborales y salarios.<\/p>\n\n\n\n<p>Los trabajadores han se\u00f1alado que en los \u00faltimos 25 a\u00f1os, el salario b\u00e1sico de los auxiliares de vuelo solo ha aumentado un 10 % cuando la inflaci\u00f3n en ese periodo creci\u00f3 un 169 %.Adem\u00e1s, los auxiliares de vuelo no son remunerados por gran parte del trabajo que realizan en tierra, como las funciones de embarque y desembarque de pasajeros.<\/p>\n","protected":false},"excerpt":{"rendered":"<p>Air Canad\u00e1 suspender\u00e1 \u00abunos 500 vuelos\u00bb a partir del viernes lo que afectar\u00e1 a 100.000<\/p>\n","protected":false},"author":1,"featured_media":18364,"comment_status":"open","ping_status":"open","sticky":false,"template":"","format":"standard","meta":{"footnotes":""},"categories":[4],"tags":[],"class_list":["post-18363","post","type-post","status-publish","format-standard","has-post-thumbnail","hentry","category-mundiales"],"_links":{"self":[{"href":"https:\/\/samantharadionline.com\/index.php\/wp-json\/wp\/v2\/posts\/18363","targetHints":{"allow":["GET"]}}],"collection":[{"href":"https:\/\/samantharadionline.com\/index.php\/wp-json\/wp\/v2\/posts"}],"about":[{"href":"https:\/\/samantharadionline.com\/index.php\/wp-json\/wp\/v2\/types\/post"}],"author":[{"embeddable":true,"href":"https:\/\/samantharadionline.com\/index.php\/wp-json\/wp\/v2\/users\/1"}],"replies":[{"embeddable":true,"href":"https:\/\/samantharadionline.com\/index.php\/wp-json\/wp\/v2\/comments?post=18363"}],"version-history":[{"count":2,"href":"https:\/\/samantharadionline.com\/index.php\/wp-json\/wp\/v2\/posts\/18363\/revisions"}],"predecessor-version":[{"id":18372,"href":"https:\/\/samantharadionline.com\/index.php\/wp-json\/wp\/v2\/posts\/18363\/revisions\/18372"}],"wp:featuredmedia":[{"embeddable":true,"href":"https:\/\/samantharadionline.com\/index.php\/wp-json\/wp\/v2\/media\/18364"}],"wp:attachment":[{"href":"https:\/\/samantharadionline.com\/index.php\/wp-json\/wp\/v2\/media?parent=18363"}],"wp:term":[{"taxonomy":"category","embeddable":true,"href":"https:\/\/samantharadionline.com\/index.php\/wp-json\/wp\/v2\/categories?post=18363"},{"taxonomy":"post_tag","embeddable":true,"href":"https:\/\/samantharadionline.com\/index.php\/wp-json\/wp\/v2\/tags?post=18363"}],"curies":[{"name":"wp","href":"https:\/\/api.w.org\/{rel}","templated":true}]}}