{"id":18358,"date":"2025-08-14T15:35:52","date_gmt":"2025-08-14T19:35:52","guid":{"rendered":"https:\/\/samantharadionline.com\/?p=18358"},"modified":"2025-08-14T15:40:21","modified_gmt":"2025-08-14T19:40:21","slug":"la-circunvalacion-de-bani-queda-formalmente-abierta-al-trafico-del-sur","status":"publish","type":"post","link":"https:\/\/samantharadionline.com\/index.php\/2025\/08\/14\/la-circunvalacion-de-bani-queda-formalmente-abierta-al-trafico-del-sur\/","title":{"rendered":"Abren Circunvalaci\u00f3n de Ban\u00ed al tr\u00e1fico del Sur"},"content":{"rendered":"\n<h2 class=\"wp-block-heading has-medium-font-size\"><em>Obras Publicas <\/em><em>anuncia el costo de la obra en unos 7 mil 700 millones de pesos <\/em><\/h2>\n\n\n\n<p><em>\u00a0<\/em>Jos\u00e9 Dicen,<strong> Ban\u00ed, Peravia<\/strong><\/p>\n\n\n\n<p>El presidente Luis Abinader, junto al ministro de Obras Publicas, Eduardo Estrella, dejaron inaugurada este jueves la Avenida de circunvalaci\u00f3n de Ban\u00ed, una obra demandada por los banilejos y conductores del sur por m\u00e1s 20 a\u00f1os.<\/p>\n\n\n\n<p>El primer mandatario de la naci\u00f3n, al hacer uso de palabra dijo, que la conclusi\u00f3n y entrega de esta autov\u00eda, mas que una obra de infraestructura vial, \u201ces un acto de justicia\u201d, ya que ha sido una demanda de los banilejos y de todo el sur dominicano por mas de 30 o 40 a\u00f1os.<\/p>\n\n\n\n<p>Acompa\u00f1aron tambi\u00e9n al Presidente Abinader en este acto inaugural del bulevar de Ban\u00ed, el expresidente Hip\u00f3lito Mej\u00eda, funcionarios palaciegos, una amplia representaci\u00f3n de congresistas del sur, alcaldes, gobernadores y otros funcionarios y autoridades locales, as\u00ed como un p\u00fablico numeroso que aplaudi\u00f3 con entusiasmo la apertura oficial de esta anhelada autov\u00eda, que sacar\u00eda del centro de esta ciudad el caos que provocan conductores de veh\u00edculos pesados que la cruzan d\u00eda por d\u00eda .<\/p>\n\n\n\n<p><strong>El costo de la obra es de 7 mil 700 millones de pesos<\/strong>,&nbsp;seg\u00fan detall\u00f3 en su discurso el ministro Eduardo Estrella.<\/p>\n\n\n\n<p>Estrella, explic\u00f3 que esta carretera es una de las mas importantes del sur, porque consta de 19.8 kil\u00f3metros de extensi\u00f3n y 17 puentes que la cruzan desde su inicio en Ojo de Agua, hacia el este donde empalma con la carretera S\u00e1nchez y hasta la comunidad de Gali\u00f3n, al oeste, donde entra de nuevo a la carretera S\u00e1nchez.&nbsp;<\/p>\n\n\n\n<p>Tanto el senador de Peravia,&nbsp;<strong>Julito Fulcar<\/strong>, como el senador de Barahona Mois\u00e9s Ayala, destacaron la importancia de esta Avenida de Circunvalaci\u00f3n para el desarrollo y crecimiento econ\u00f3mico de la Ban\u00ed y las dem\u00e1s provincias del sur.<\/p>\n\n\n\n<p>Estiman su importancia desde el punto de vista social y econ\u00f3mico, no solo porque saca el trafico pesado de los veh\u00edculos que cruzan la ciudad de Ban\u00ed, sino que evitar\u00e1 los tediosos papones que se originan en esta ciudad y permitir\u00e1 el ahorro de combustible y de tiempo para ir y regresar desde la capital a la regi\u00f3n sur.<\/p>\n\n\n\n<p>La obra fue bendecida por el obispo de la Di\u00f3secis de Ban\u00ed Ocoa y San Cristobal,&nbsp;<strong>Faustino Burgos Brisman<\/strong>.<\/p>\n\n\n\n<p>Tanto el Presidente Abinader, como el ministro Estrella, pidieron a los banilejos ser celosos con el cuidado de esta v\u00eda para que no sea arrabalizada por ocupantes improvisados.<\/p>\n\n\n\n<p>El presidente Abinader fue declarado mediante resoluci\u00f3n del Ayuntamiento de Villa Sombrero, como<strong>&nbsp;Hu\u00e9sped distinguido<\/strong>&nbsp;de esta comunidad por donde cruza la v\u00eda, adem\u00e1s fue obsequiado con una canasta conteniendo mangos y dulces de&nbsp;esta&nbsp;localidad.<\/p>\n","protected":false},"excerpt":{"rendered":"<p>Obras Publicas anuncia el costo de la obra en unos 7 mil 700 millones de<\/p>\n","protected":false},"author":1,"featured_media":18359,"comment_status":"open","ping_status":"open","sticky":false,"template":"","format":"standard","meta":{"footnotes":""},"categories":[12],"tags":[],"class_list":["post-18358","post","type-post","status-publish","format-standard","has-post-thumbnail","hentry","category-nacionales"],"_links":{"self":[{"href":"https:\/\/samantharadionline.com\/index.php\/wp-json\/wp\/v2\/posts\/18358","targetHints":{"allow":["GET"]}}],"collection":[{"href":"https:\/\/samantharadionline.com\/index.php\/wp-json\/wp\/v2\/posts"}],"about":[{"href":"https:\/\/samantharadionline.com\/index.php\/wp-json\/wp\/v2\/types\/post"}],"author":[{"embeddable":true,"href":"https:\/\/samantharadionline.com\/index.php\/wp-json\/wp\/v2\/users\/1"}],"replies":[{"embeddable":true,"href":"https:\/\/samantharadionline.com\/index.php\/wp-json\/wp\/v2\/comments?post=18358"}],"version-history":[{"count":2,"href":"https:\/\/samantharadionline.com\/index.php\/wp-json\/wp\/v2\/posts\/18358\/revisions"}],"predecessor-version":[{"id":18362,"href":"https:\/\/samantharadionline.com\/index.php\/wp-json\/wp\/v2\/posts\/18358\/revisions\/18362"}],"wp:featuredmedia":[{"embeddable":true,"href":"https:\/\/samantharadionline.com\/index.php\/wp-json\/wp\/v2\/media\/18359"}],"wp:attachment":[{"href":"https:\/\/samantharadionline.com\/index.php\/wp-json\/wp\/v2\/media?parent=18358"}],"wp:term":[{"taxonomy":"category","embeddable":true,"href":"https:\/\/samantharadionline.com\/index.php\/wp-json\/wp\/v2\/categories?post=18358"},{"taxonomy":"post_tag","embeddable":true,"href":"https:\/\/samantharadionline.com\/index.php\/wp-json\/wp\/v2\/tags?post=18358"}],"curies":[{"name":"wp","href":"https:\/\/api.w.org\/{rel}","templated":true}]}}