{"id":18347,"date":"2025-08-14T14:47:01","date_gmt":"2025-08-14T18:47:01","guid":{"rendered":"https:\/\/samantharadionline.com\/?p=18347"},"modified":"2025-08-14T14:47:02","modified_gmt":"2025-08-14T18:47:02","slug":"abinader-inaugura-una-terminal-courier-para-manejo-de-compras-mercancias-por-internet","status":"publish","type":"post","link":"https:\/\/samantharadionline.com\/index.php\/2025\/08\/14\/abinader-inaugura-una-terminal-courier-para-manejo-de-compras-mercancias-por-internet\/","title":{"rendered":"Abinader inaugura una terminal courier para manejo de compras mercanc\u00edas por internet"},"content":{"rendered":"\n<p><em>\u00a0<\/em>Rafael Castro, <strong>Santo Domingo, RD<\/strong><\/p>\n\n\n\n<p>En un acto encabezado por el presidente Luis Abinader y el director general de Aduanas, Eduardo \u201cYayo\u201d Sanz Lovat\u00f3n, fue inaugurada ayer una nueva y moderna terminal courier para el manejo y almacenaje de paqueter\u00eda expresa y comercio electr\u00f3nico, las 24 horas en el Aeropuerto Internacional de Las Am\u00e9ricas Doctor Jos\u00e9 Francisco Pe\u00f1a G\u00f3mez.<\/p>\n\n\n\n<p>La obra, que representa una inversi\u00f3n de 10 millones de d\u00f3lares, incrementar\u00e1 en un 186 % la capacidad de procesamiento de carga, con una superficie total de 4,858 metros cuadrados.<\/p>\n\n\n\n<p>Esto permitir\u00e1 despachar m\u00e1s de 4 millones de paquetes adicionales cada a\u00f1o, bajo los m\u00e1s altos est\u00e1ndares de calidad, eficiencia y seguridad.<\/p>\n\n\n\n<p>El director de la Direcci\u00f3n General de Aduanas (DGA), Yayo Sanz Lovat\u00f3n, resalt\u00f3 el impacto de esta infraestructura para el sistema log\u00edstico nacional. El funcionario destac\u00f3, asimismo, que en el a\u00f1o 2024 y lo que va del presente a\u00f1o 2025 se ha promediado exportaciones por 1,300 millones de d\u00f3lares.<\/p>\n\n\n\n<p>A\u00f1adi\u00f3 San lovat\u00f3n, destac\u00f3 que eso representa un incremento de 500 millones de d\u00f3lares mensuales para la econom\u00eda del pa\u00eds, y adem\u00e1s testimonian de la capacidad log\u00edstica de la Rep\u00fablica Dominicana.<\/p>\n\n\n\n<p>\u201cSon m\u00e1s de cuatro millones de paquetes adicionales que podremos procesar, y lo haremos con eficiencia, seguridad y tecnolog\u00eda de punta. Seguimos trabajando para que la Rep\u00fablica Dominicana sea un hub log\u00edstico de clase mundial\u201d, afirm\u00f3.<\/p>\n\n\n\n<p>Mientras que M\u00f3nika Infante, CEO de Aeropuertos Dominicanos Siglo XXI (AERODOM), destac\u00f3 el compromiso de la concesionaria y del grupo VINCI Airports con el desarrollo del pa\u00eds:<\/p>\n\n\n\n<p>\u201cCada inversi\u00f3n fortalece la infraestructura aeroportuaria, impulsa el crecimiento econ\u00f3mico y asegura una conectividad a\u00e9rea segura, eficiente y continua. Esta nueva terminal, destinada a la DGA, permitir\u00e1 una gesti\u00f3n m\u00e1s \u00e1gil, segura y eficiente de la carga expr\u00e9s\u201d.<\/p>\n\n\n\n<p><strong>Tecnolog\u00eda de punta<\/strong><\/p>\n\n\n\n<p>La terminal cuenta con equipos de rayos X de \u00faltima generaci\u00f3n para agilizar la inspecci\u00f3n de paqueter\u00eda, reforzando la seguridad nacional y optimizando el control aduanero.<\/p>\n\n\n\n<p>Su operaci\u00f3n ser\u00e1 continua, las 24 horas del d\u00eda, los 7 d\u00edas de la semana, lo que permitir\u00e1 reducir tiempos de entrega, garantizar mayor resguardo de la carga y asegurar trazabilidad en todo el proceso.<\/p>\n\n\n\n<p>Los trabajos iniciaron en mayo de 2023, como respuesta al crecimiento del comercio electr\u00f3nico en el pa\u00eds, y fueron posibles gracias a una alianza p\u00fablico-privada que no represent\u00f3 costos para el Estado.<\/p>\n\n\n\n<p><strong>Reconocimiento<\/strong><\/p>\n\n\n\n<p>Durante el acto, la Asociaci\u00f3n Dominicana de Empresas Courier (ASODEC) entreg\u00f3 un reconocimiento al presidente Abinader por su visi\u00f3n y liderazgo en la materializaci\u00f3n de este proyecto.<\/p>\n\n\n\n<p>El galard\u00f3n fue entregado por Tom\u00e1s Berrido, presidente de ASODEC, quien valor\u00f3 el respaldo del mandatario al sector log\u00edstico y de transporte expreso.<\/p>\n\n\n\n<p><strong>Asistencia de autoridades<\/strong><\/p>\n\n\n\n<p>El evento cont\u00f3 con la presencia de los ministros de Defensa, teniente general Carlos Antonio Fern\u00e1ndez Onofre; de la Presidencia, Jos\u00e9 Ignacio Paliza; de Turismo, David Collado; de Cultura, Roberto \u00c1ngel Salcedo; el director del Departamento Aeroportuario, V\u00edctor Pichardo, y el director de Alianzas P\u00fablico-Privadas (DGAPP), Andr\u00e9s Lugo Risk.<\/p>\n\n\n\n<p><strong>Construcci\u00f3n de moderna terminal<\/strong><\/p>\n\n\n\n<p>El presidente Luis Abinader dej\u00f3 ayer tambi\u00e9n iniciados los trabajos para la construcci\u00f3n de una moderna terminal de pasajeros en el AILA, con una inversi\u00f3n de 250 millones de d\u00f3lares, destinada a ampliar la capacidad y mejorar la experiencia de los viajeros.<\/p>\n\n\n\n<p>Es la primera intervenci\u00f3n en una terminal desde 1956; la ampliaci\u00f3n permitir\u00e1 operar m\u00e1s aeronaves, agilizar los procesos y brindar mayor comodidad a los usuarios.<\/p>\n","protected":false},"excerpt":{"rendered":"<p>\u00a0Rafael Castro, Santo Domingo, RD En un acto encabezado por el presidente Luis Abinader y<\/p>\n","protected":false},"author":1,"featured_media":18348,"comment_status":"open","ping_status":"open","sticky":false,"template":"","format":"standard","meta":{"footnotes":""},"categories":[12],"tags":[],"class_list":["post-18347","post","type-post","status-publish","format-standard","has-post-thumbnail","hentry","category-nacionales"],"_links":{"self":[{"href":"https:\/\/samantharadionline.com\/index.php\/wp-json\/wp\/v2\/posts\/18347","targetHints":{"allow":["GET"]}}],"collection":[{"href":"https:\/\/samantharadionline.com\/index.php\/wp-json\/wp\/v2\/posts"}],"about":[{"href":"https:\/\/samantharadionline.com\/index.php\/wp-json\/wp\/v2\/types\/post"}],"author":[{"embeddable":true,"href":"https:\/\/samantharadionline.com\/index.php\/wp-json\/wp\/v2\/users\/1"}],"replies":[{"embeddable":true,"href":"https:\/\/samantharadionline.com\/index.php\/wp-json\/wp\/v2\/comments?post=18347"}],"version-history":[{"count":1,"href":"https:\/\/samantharadionline.com\/index.php\/wp-json\/wp\/v2\/posts\/18347\/revisions"}],"predecessor-version":[{"id":18349,"href":"https:\/\/samantharadionline.com\/index.php\/wp-json\/wp\/v2\/posts\/18347\/revisions\/18349"}],"wp:featuredmedia":[{"embeddable":true,"href":"https:\/\/samantharadionline.com\/index.php\/wp-json\/wp\/v2\/media\/18348"}],"wp:attachment":[{"href":"https:\/\/samantharadionline.com\/index.php\/wp-json\/wp\/v2\/media?parent=18347"}],"wp:term":[{"taxonomy":"category","embeddable":true,"href":"https:\/\/samantharadionline.com\/index.php\/wp-json\/wp\/v2\/categories?post=18347"},{"taxonomy":"post_tag","embeddable":true,"href":"https:\/\/samantharadionline.com\/index.php\/wp-json\/wp\/v2\/tags?post=18347"}],"curies":[{"name":"wp","href":"https:\/\/api.w.org\/{rel}","templated":true}]}}