{"id":18338,"date":"2025-08-14T14:37:02","date_gmt":"2025-08-14T18:37:02","guid":{"rendered":"https:\/\/samantharadionline.com\/?p=18338"},"modified":"2025-08-14T14:39:01","modified_gmt":"2025-08-14T18:39:01","slug":"la-pastoral-de-la-salud-atiende-unos-10-mil-pacientes-de-salud-mental","status":"publish","type":"post","link":"https:\/\/samantharadionline.com\/index.php\/2025\/08\/14\/la-pastoral-de-la-salud-atiende-unos-10-mil-pacientes-de-salud-mental\/","title":{"rendered":"Atienden unos 10 mil pacientes de salud mental"},"content":{"rendered":"\n<p class=\"has-medium-font-size\"><em>La pastoral ve aumentar el n\u00famero de pacientes con estas condiciones detectados en las calles durante  jornadas denominadas \u201cUn paso por la Salud Mental<\/em><\/p>\n\n\n\n<p>Doris Pantale\u00f3n, L.D., <strong>Santo Domingo, RD<\/strong><\/p>\n\n\n\n<p>Desde hace tres a\u00f1os, la&nbsp;<strong>Pastoral de la Salud<\/strong>&nbsp;de la&nbsp;<strong>iglesia Cat\u00f3lica<\/strong>, lleva a cabo una labor dirigida a la atenci\u00f3n de la<strong>&nbsp;salud mental<\/strong>&nbsp;en el pa\u00eds, atendiendo hasta la fecha alrededor de 10 mil pacientes a nivel de todas sus arquidi\u00f3cesis, de los cuales alrededor de 7,000 reciben apoyo en el centro de salud mental&nbsp;<strong>Nuestra Se\u00f1ora de Lourdes<\/strong>, en el sector Villa Juana, de la capital.<\/p>\n\n\n\n<p>Cada a\u00f1o, la pastoral ve aumentar el n\u00famero de pacientes con estas condiciones, muchos de los cuales son detectados en las calles durante las jornadas que realiza, denominadas \u201cUn paso por la Salud Mental\u201d.<\/p>\n\n\n\n<p>Esto, asegura&nbsp;<strong>sor Trinidad Ayala<\/strong>, quien dirige la Pastoral de la Salud, es de gran preocupaci\u00f3n y es un tema que amerita la integraci\u00f3n y participaci\u00f3n de toda la poblaci\u00f3n, tanto tomadores de decisiones como las mismas familias.<\/p>\n\n\n\n<h3 class=\"wp-block-heading\">Incluir cobertura<\/h3>\n\n\n\n<p>Ve urgente que la cobertura integral de esta condici\u00f3n sea incluida en el&nbsp;<strong>Sistema Dominicano de Seguridad Social;&nbsp;<\/strong>que se busquen mecanismos de abaratar los costos de los tratamientos y que se eduque y apoye a las familias para que no abandonen a sus pacientes.<\/p>\n\n\n\n<p>Sor Trinidad asegura que del paciente que se atiende y se le da su medicamento se sacan buenos resultados, por lo que ve necesario que cuando lleven un paciente a una unidad de intervenci\u00f3n en crisis o al psicosocial Padre Billini, la familia no se desligue.<\/p>\n\n\n\n<h3 class=\"wp-block-heading\">Tercera jornada<\/h3>\n\n\n\n<p>Inform\u00f3 que desde el 26 de septiembre al 5 de octubre este a\u00f1o, la Pastoral de la Salud tiene preparada la Tercera Jornada \u201cUn paso por la Salud Mental\u201d, que adem\u00e1s de&nbsp;<strong>actividades educativas<\/strong>&nbsp;y caminata, incluye el trabajo de campo, con la asistencia m\u00e9dica a pacientes identificados y encontrados en las calles.<\/p>\n\n\n\n<p>Dijo que este a\u00f1o ir\u00e1n al municipio Padre Las Casas, en<\/p>\n\n\n\n<p>Azua, porque all\u00ed tienen identificado un grupo importante de pacientes y record\u00f3 que el a\u00f1o pasado se atendieron 70 pacientes en esa zona.<\/p>\n\n\n\n<p>Explic\u00f3 que antes de hacer la jornada en la calle, pero primero deben saber d\u00f3nde pueden llevar los pacientes que requieran intervenci\u00f3n en crisis, porque el psicosocial no tiene espacio y adem\u00e1s necesita&nbsp;<strong>remozamiento<\/strong>.<\/p>\n\n\n\n<p>Aunque reconoci\u00f3 que, en el&nbsp;<strong>Psicosocial Padre Billini<\/strong>,le han recibido muchos pacientes que son encontrados en la calle y llevados por la Pastoral de la Salud a ese centro, \u201cten\u00edamos una&nbsp;<strong>paciente que ten\u00eda 15 a\u00f1os viviendo en el cementerio<\/strong>, pero gracias a Dios ya est\u00e1 integrada a la familia\u201d, se\u00f1ala.<\/p>\n\n\n\n<p>Dice que para la Pastoral de la Salud es fundamental que se trabaje en la prevenci\u00f3n de la salud mental y su detecci\u00f3n temprana.<\/p>\n\n\n\n<p>En tal sentido recomienda que todos los m\u00e9dicos tengan un formulario que se aplique a los pacientes que acuden a consulta por cualquier motivo, para que as\u00ed el profesional de la salud pueda detectar a tiempo cualquier condici\u00f3n que pueda llevar a esa persona a desarrollar alguna condici\u00f3n de este tipo.<\/p>\n","protected":false},"excerpt":{"rendered":"<p>La pastoral ve aumentar el n\u00famero de pacientes con estas condiciones detectados en las calles<\/p>\n","protected":false},"author":1,"featured_media":18340,"comment_status":"open","ping_status":"open","sticky":false,"template":"","format":"standard","meta":{"footnotes":""},"categories":[12],"tags":[],"class_list":["post-18338","post","type-post","status-publish","format-standard","has-post-thumbnail","hentry","category-nacionales"],"_links":{"self":[{"href":"https:\/\/samantharadionline.com\/index.php\/wp-json\/wp\/v2\/posts\/18338","targetHints":{"allow":["GET"]}}],"collection":[{"href":"https:\/\/samantharadionline.com\/index.php\/wp-json\/wp\/v2\/posts"}],"about":[{"href":"https:\/\/samantharadionline.com\/index.php\/wp-json\/wp\/v2\/types\/post"}],"author":[{"embeddable":true,"href":"https:\/\/samantharadionline.com\/index.php\/wp-json\/wp\/v2\/users\/1"}],"replies":[{"embeddable":true,"href":"https:\/\/samantharadionline.com\/index.php\/wp-json\/wp\/v2\/comments?post=18338"}],"version-history":[{"count":2,"href":"https:\/\/samantharadionline.com\/index.php\/wp-json\/wp\/v2\/posts\/18338\/revisions"}],"predecessor-version":[{"id":18343,"href":"https:\/\/samantharadionline.com\/index.php\/wp-json\/wp\/v2\/posts\/18338\/revisions\/18343"}],"wp:featuredmedia":[{"embeddable":true,"href":"https:\/\/samantharadionline.com\/index.php\/wp-json\/wp\/v2\/media\/18340"}],"wp:attachment":[{"href":"https:\/\/samantharadionline.com\/index.php\/wp-json\/wp\/v2\/media?parent=18338"}],"wp:term":[{"taxonomy":"category","embeddable":true,"href":"https:\/\/samantharadionline.com\/index.php\/wp-json\/wp\/v2\/categories?post=18338"},{"taxonomy":"post_tag","embeddable":true,"href":"https:\/\/samantharadionline.com\/index.php\/wp-json\/wp\/v2\/tags?post=18338"}],"curies":[{"name":"wp","href":"https:\/\/api.w.org\/{rel}","templated":true}]}}