{"id":18333,"date":"2025-08-14T14:31:51","date_gmt":"2025-08-14T18:31:51","guid":{"rendered":"https:\/\/samantharadionline.com\/?p=18333"},"modified":"2025-08-14T14:31:52","modified_gmt":"2025-08-14T18:31:52","slug":"repararan-danos-a-la-via-sacra-en-la-basilica-de-higuey","status":"publish","type":"post","link":"https:\/\/samantharadionline.com\/index.php\/2025\/08\/14\/repararan-danos-a-la-via-sacra-en-la-basilica-de-higuey\/","title":{"rendered":"Reparar\u00e1n da\u00f1os a la V\u00eda Sacra en la Bas\u00edlica de Hig\u00fcey"},"content":{"rendered":"\n<p class=\"has-medium-font-size\"><em>El Mitur agradeci\u00f3 al Grupo SID, empresa que aport\u00f3 las estelas art\u00edsticas que adornan la obra y que fueron vandalizadas, por su disposici\u00f3n nueva vez para la reparaci\u00f3n de los da\u00f1os.<\/em><\/p>\n\n\n\n<figure class=\"wp-block-image\"><img decoding=\"async\" src=\"https:\/\/listindiario.com\/files\/image_60_60\/uploads\/2023\/05\/16\/64637f64292a5.jpeg\" alt=\"Avatar del Florentino Dur\u00e1n\"\/><\/figure>\n\n\n\n<p><em>\u00a0<\/em>Florentino Dur\u00e1n, <strong>Hig\u00fcey, La Altagracia, RD<\/strong><\/p>\n\n\n\n<p>El Grupo SID manifest\u00f3 ayer su disposici\u00f3n de cubrir los gastos de reparaci\u00f3n a los da\u00f1os causados por v\u00e1ndalos a la\u00a0<strong>V\u00eda Sacra en la Bas\u00edlica<\/strong>\u00a0de\u00a0<strong>La Altagracia<\/strong>\u00a0en Hig\u00fcey.<\/p>\n\n\n\n<p>Mientras que el&nbsp;<strong>Ministerio de Turismo&nbsp;<\/strong>(<strong>MITUR<\/strong>), conden\u00f3 los actos vand\u00e1licos que causaron destrozos en dos de las obras de arte que adornan la V\u00eda Sacra.<\/p>\n\n\n\n<p>Inform\u00f3 que acciones de este tipo son inaceptables, tras se\u00f1alar que activaron a los organismos correspondientes para hacer las investigaciones de lugar y dar con los responsables.<\/p>\n\n\n\n<p>La&nbsp;<strong>V\u00eda Sacra<\/strong>&nbsp;fue construida por el&nbsp;<strong>Mitur<\/strong>&nbsp;para toda la poblaci\u00f3n y los&nbsp;<strong>turistas&nbsp;<\/strong>que visitan la zona, y con aportes del sector privado, por lo que advirti\u00f3 que no tolerar\u00e1n ese ultraje.<\/p>\n\n\n\n<p>Asimismo, el\u00a0<strong>Mitur\u00a0<\/strong>agradeci\u00f3 al\u00a0<strong>Grupo SID<\/strong>, empresa que aport\u00f3 las estelas art\u00edsticas que adornan la obra y que fueron vandalizadas, por su disposici\u00f3n nueva vez para la reparaci\u00f3n de los da\u00f1os. <\/p>\n\n\n\n<p><strong>Lea tambi\u00e9n<\/strong><\/p>\n\n\n\n<h3 class=\"wp-block-heading\">El obispo de Hig\u00fcey<\/h3>\n\n\n\n<p>El&nbsp;<strong>obispo de la di\u00f3cesis Nuestra Se\u00f1ora de La Altagracia<\/strong>, monse\u00f1or&nbsp;<strong>Jes\u00fas Castro Marte<\/strong>, solicit\u00f3 la reparaci\u00f3n de las estelas que sufrieron da\u00f1os y a la vez una vigilancia permanente en la Via Sacra, al agradecer la solidaridad y acogida del pueblo dominicano y al gobierno ante lo ocurrido por los da\u00f1os provocados en el lugar.<\/p>\n\n\n\n<p>El prelado al confirmar que lo ocurrido fue obra de una persona con problemas mentales, agradeci\u00f3 la r\u00e1pida intervenci\u00f3n del director de la&nbsp;<strong>Polic\u00eda Nacional<\/strong>, mayor general&nbsp;<strong>Ram\u00f3n Antonio Guzm\u00e1n Peralta<\/strong>, para aclarar lo ocurrido en pocas horas.<\/p>\n\n\n\n<p>\u201cAgradezco y comprendo que el pueblo dominicano se haya manifestado de inmediato, pero creo que los da\u00f1os se podr\u00e1n reparar\u201d, al confirmar que solo tres de las 14 estelas fueron afectadas en su relieve.<\/p>\n\n\n\n<p>El prelado abog\u00f3 por una vigilancia permanente en el lugar, y dijo esperar que el gobierno ejecute cuanto antes la construcci\u00f3n de un Centro de Atenci\u00f3n Especial, para personas con problemas mentales debido a lo inminente que se hace.<\/p>\n\n\n\n<p>Castro Marte expres\u00f3 que le tra\u00eda tranquilidad el hecho de que los da\u00f1os ocasionados, no hayan sido objeto de una banda o grupo que tratar\u00e1n de hacerle da\u00f1o a la&nbsp;<strong>Iglesia Cat\u00f3lica<\/strong>.<\/p>\n\n\n\n<p>Al felicitar el r\u00e1pido y efectivo accionar policial, record\u00f3 que hace poco convers\u00f3 con el director de la&nbsp;<strong>Policia Nacional<\/strong>, quien describi\u00f3 como \u201cmi amigo\u201d sobre varios t\u00f3picos relacionados con la seguridad.<\/p>\n\n\n\n<p>El&nbsp;<strong>obispo<\/strong>&nbsp;dijo que espera que el pedido que ha hecho hace un tiemoo respecto a la necesidad de un Centro de Atenci\u00f3n Espeial para enajenados mentales o personas con problemas mentales en la provincia, sea una realidad como anunci\u00f3 ayer en \u2018<strong>El Show del Mediod\u00eda<\/strong>\u2019 el&nbsp;<strong>ministro de Salud P\u00fablica<\/strong>,&nbsp;<strong>V\u00edctor Atallah<\/strong>.<\/p>\n\n\n\n<p>Hig\u00fcey<\/p>\n\n\n\n<h3 class=\"wp-block-heading\">A un a\u00f1o de construida la obra&nbsp;<\/h3>\n\n\n\n<p><strong>Atenci\u00f3n.<\/strong><br>La acci\u00f3n delincuencial, que gener\u00f3 alarma y reacciones de rechazo e indignacion, cometida en la madrugada del pasado lunes utilizando martillo o mandarrias, alcanz\u00f3 atenci\u00f3n en todo el pais al ser publicada en portada por LIST\u00cdN DIARIO.<br>La obra inaugurada por el presidente Luis Abinader, el 14 de septiembre de 2024, a un costo de RD$115 millones, une en un paso religioso y tur\u00edstico la Bas\u00edlica.<\/p>\n","protected":false},"excerpt":{"rendered":"<p>El Mitur agradeci\u00f3 al Grupo SID, empresa que aport\u00f3 las estelas art\u00edsticas que adornan la<\/p>\n","protected":false},"author":1,"featured_media":18335,"comment_status":"open","ping_status":"open","sticky":false,"template":"","format":"standard","meta":{"footnotes":""},"categories":[12],"tags":[],"class_list":["post-18333","post","type-post","status-publish","format-standard","has-post-thumbnail","hentry","category-nacionales"],"_links":{"self":[{"href":"https:\/\/samantharadionline.com\/index.php\/wp-json\/wp\/v2\/posts\/18333","targetHints":{"allow":["GET"]}}],"collection":[{"href":"https:\/\/samantharadionline.com\/index.php\/wp-json\/wp\/v2\/posts"}],"about":[{"href":"https:\/\/samantharadionline.com\/index.php\/wp-json\/wp\/v2\/types\/post"}],"author":[{"embeddable":true,"href":"https:\/\/samantharadionline.com\/index.php\/wp-json\/wp\/v2\/users\/1"}],"replies":[{"embeddable":true,"href":"https:\/\/samantharadionline.com\/index.php\/wp-json\/wp\/v2\/comments?post=18333"}],"version-history":[{"count":1,"href":"https:\/\/samantharadionline.com\/index.php\/wp-json\/wp\/v2\/posts\/18333\/revisions"}],"predecessor-version":[{"id":18337,"href":"https:\/\/samantharadionline.com\/index.php\/wp-json\/wp\/v2\/posts\/18333\/revisions\/18337"}],"wp:featuredmedia":[{"embeddable":true,"href":"https:\/\/samantharadionline.com\/index.php\/wp-json\/wp\/v2\/media\/18335"}],"wp:attachment":[{"href":"https:\/\/samantharadionline.com\/index.php\/wp-json\/wp\/v2\/media?parent=18333"}],"wp:term":[{"taxonomy":"category","embeddable":true,"href":"https:\/\/samantharadionline.com\/index.php\/wp-json\/wp\/v2\/categories?post=18333"},{"taxonomy":"post_tag","embeddable":true,"href":"https:\/\/samantharadionline.com\/index.php\/wp-json\/wp\/v2\/tags?post=18333"}],"curies":[{"name":"wp","href":"https:\/\/api.w.org\/{rel}","templated":true}]}}