{"id":18321,"date":"2025-08-14T08:26:38","date_gmt":"2025-08-14T12:26:38","guid":{"rendered":"https:\/\/samantharadionline.com\/?p=18321"},"modified":"2025-08-14T08:26:39","modified_gmt":"2025-08-14T12:26:39","slug":"la-opm-recomienda-mejorar-el-control-de-indocumentados","status":"publish","type":"post","link":"https:\/\/samantharadionline.com\/index.php\/2025\/08\/14\/la-opm-recomienda-mejorar-el-control-de-indocumentados\/","title":{"rendered":"La OPM recomienda mejorar el control de indocumentados"},"content":{"rendered":"\n<p class=\"has-medium-font-size\"><em>La comisi\u00f3n honor\u00edfica, integrada por representantes de la sociedad civil, analiz\u00f3 los niveles de cumplimiento y ejecuci\u00f3n de las 15 medidas migratorias que anunci\u00f3 el presidente Luis Abinader, el pasado 6 de abril<\/em><\/p>\n\n\n\n<p>\u00c1ngel Valdez, <strong>Santo Domingo, RD<\/strong><\/p>\n\n\n\n<p>El&nbsp;<strong>Observatorio de Pol\u00edticas Migratorias&nbsp;<\/strong>(<strong>OPM<\/strong>) entreg\u00f3 este mi\u00e9rcoles los resultados del primer informe de evaluaci\u00f3n al cumplimiento de las acciones gubernamentales para garantizar la protecci\u00f3n de la frontera y el control de la&nbsp;<strong>migraci\u00f3n irregular<\/strong>.<\/p>\n\n\n\n<p>La comisi\u00f3n honor\u00edfica, integrada por representantes de la sociedad civil, analiz\u00f3 los niveles de cumplimiento y ejecuci\u00f3n de las 15 medidas migratorias que anunci\u00f3 el presidente Luis Abinader, el pasado 6 de abril.<\/p>\n\n\n\n<p>La Comisi\u00f3n Ejecutiva del OPM, presidida por el periodista&nbsp;<strong>Miguel Franjul<\/strong>, reconoci\u00f3 en el documento compartido a los medios de comunicaci\u00f3n la ampliaci\u00f3n de la capacidad operativa registrada en las&nbsp;<strong>brigadas militares<\/strong>&nbsp;seleccionadas para asegurar el territorio fronterizo del pa\u00eds.<\/p>\n\n\n\n<p>No obstante, destac\u00f3 diversos ejes que a\u00fan deben ser reforzados por el Gobierno para alcanzar el pleno acatamiento de las instrucciones castrenses que orden\u00f3 el mandatarioAbinader.<\/p>\n\n\n\n<p>Franjul, quien fungi\u00f3 de vocero, se\u00f1al\u00f3 la necesidad que existe en la&nbsp;<strong>Direcci\u00f3n General de Migraci\u00f3n<\/strong>&nbsp;(<strong>DGM<\/strong>) de realizar un aumento en la distribuci\u00f3n presupuestaria, as\u00ed como tambi\u00e9n en las dem\u00e1s instituciones encargadas de la seguridad nacional.<\/p>\n\n\n\n<p>Precisamente, mencion\u00f3 que esta decisi\u00f3n permitir\u00e1 que las autoridades gubernamentales garanticen la construcci\u00f3n de oficinas migratorias en las 32 provincias del territorio nacional, superando las 11 que existen en la actualidad.<\/p>\n\n\n\n<figure class=\"wp-block-image\" id=\"m34486-34485-34487\"><img decoding=\"async\" src=\"https:\/\/listindiario.com\/files\/vertical_main_image\/uploads\/2025\/08\/13\/689d3396a385d.jpeg\" alt=\"Miguel Franjul, ofrece detalles del trabajo realizado por el Observatorio de Pol\u00edticas Migratorias en los primeros tres meses.\"\/><figcaption class=\"wp-element-caption\">Miguel Franjul, ofrece detalles del trabajo realizado por el Observatorio de Pol\u00edticas Migratorias en los primeros tres meses.Ra\u00fal Asencio<\/figcaption><\/figure>\n\n\n\n<p>\u00abEl Observatorio entiende que el Gobierno debe dotar de los recursos necesarios a la DGM para ampliar la cobertura y agilizar la instalaci\u00f3n de nuevas oficinas\u00bb, afirm\u00f3 el tambi\u00e9n director del List\u00edn Diario, durante una rueda de prensa realizada en el&nbsp;<strong>Instituto Tecnol\u00f3gico de Santo Domingo&nbsp;<\/strong>(<strong>INTEC<\/strong>), lugar donde operar\u00e1 el centro de datos para captura, procesamiento y an\u00e1lisis del OPM.<\/p>\n\n\n\n<p>Dentro de las tareas prometidas por el presidente Abinader se encuentra la modificaci\u00f3n al reglamento que regula la operatividad de&nbsp;<strong>mercados binacionales<\/strong>&nbsp;compartidos con Hait\u00ed, la cual fue asignada a la DGM, el Ministerio de Econom\u00eda, Planificaci\u00f3n y Desarrollo; junto al Cuerpo Especializado de Seguridad Fronteriza (<strong>Cesfront<\/strong>). Sin embargo, Franjul inform\u00f3 que \u201ctodav\u00eda no se ha informado la fecha formal para culminarlo y ponerlo en ejecuci\u00f3n\u201d.<\/p>\n\n\n\n<p>\u201cEl Observatorio recomienda que se agilice la presentaci\u00f3n del documento final del reglamento y su puesta en vigencia a la brevedad\u201d, indic\u00f3.<\/p>\n\n\n\n<p>Aunque describieron como \u201ccumplido efectivamente\u201d la correcta supervisi\u00f3n de los militares apostados en la l\u00ednea divisoria, realizada por un oficial superior, los miembros de la comisi\u00f3n entienden que deben ser incluidos otros artefactos tecnol\u00f3gicos para facilitar los mecanismos de depuraci\u00f3n.<\/p>\n\n\n\n<p>\u201cEn adici\u00f3n, a la vigilancia con drones, se deben instalar de manera definitiva c\u00e1maras de reconocimiento facial en los mercados y equipos m\u00f3viles de rayos equis en los puntos donde se verifica la mayor entrada y salida de camiones de transporte comercial\u201d, precis\u00f3 Franjul, puntualizando las zonas comerciales compartidas con el vecino pa\u00eds.<\/p>\n\n\n\n<h3 class=\"wp-block-heading\">Mano de obra haitiana<\/h3>\n\n\n\n<p>El 29 de abril, el Gobierno anunci\u00f3 que hab\u00eda autorizado el incremento en la remuneraci\u00f3n econ\u00f3mica para la&nbsp;<strong>empleoman\u00eda&nbsp;<\/strong>de las zonas francas y empresas tur\u00edsticas. Por lo que, al entrar en vigencia la primera etapa de esta disposici\u00f3n, el pasado 1 de junio, el OPM indic\u00f3 que se cumple esta medida.<\/p>\n\n\n\n<p>Esto es parte de la visi\u00f3n que tiene el Gobierno de \u201cdominicanizar la mano de obra del pa\u00eds\u201d, por encima de los empleados haitianos no regularizados.&nbsp;<\/p>\n\n\n\n<p>No obstante, el OPM sugiri\u00f3 que el tema sea discutido en la mesa laboral del Consejo Econ\u00f3mico Social (CES), para analizarlo, de manera amplia, debido a posibles implicaciones en el desarrollo de la poblaci\u00f3n.<\/p>\n\n\n\n<p>El OPM calific\u00f3 de \u201crealidad insoslayable\u201d la necesidad de los&nbsp;<strong>trabajadores extranjeros<\/strong>&nbsp;en el funcionamiento y operatividad de los sectores agr\u00edcolas y construcci\u00f3n, por lo que exhorta a discutir el tema de manera consciente.<\/p>\n\n\n\n<p>\u201cLa sustituci\u00f3n de la mano de obra extranjera es un proceso que conlleva tiempo y mesura, para no afectar los sectores involucrados y poder garantizar la sostenibilidad de dichas medidas. Pero, sobre todo, es importante entrar en raz\u00f3n y comprensi\u00f3n de esta realidad, a los grupos m\u00e1s radicalizados de la sociedad dominicana, en torno a la necesidad de buscarle una salida a este<strong>&nbsp;problema migratorio<\/strong>&nbsp;con implicaciones que trascienden los aspectos econ\u00f3micos\u201d, versa el documento le\u00eddo por Franjul.<\/p>\n\n\n\n<h3 class=\"wp-block-heading\">Intervenciones sin maltratos<\/h3>\n\n\n\n<p>\u201cEste Observatorio es de opini\u00f3n que, en la ejecuci\u00f3n de las medidas, las instituciones oficiales est\u00e1n respetando los<strong>&nbsp;derechos humanos<\/strong>&nbsp;y la dignidad de los migrantes extranjeros ilegales y de las mujeres parturientas\u201d, indic\u00f3 Franjul.<\/p>\n\n\n\n<p>Adem\u00e1s, destac\u00f3 como parte de los avances visualizados, que la mayor\u00eda de los haitianos est\u00e1n siendo repatriados a su pa\u00eds de manera agilizada, en un periodo menor a las 48 horas.<\/p>\n\n\n\n<p>Al igual que el respeto a los derechos de las\u00a0<strong>parturientas indocumentadas ingresadas en los hospitales dominicanos<\/strong>, comprobado al visitar los principales centros de maternidad del gran Santo Domingo. \u201cAunque no dejamos de reconocer que existen \u00e1reas de mejoramiento de los servicios e infraestructura f\u00edsica que est\u00e1n en carpeta de la DGM\u201d.<\/p>\n","protected":false},"excerpt":{"rendered":"<p>La comisi\u00f3n honor\u00edfica, integrada por representantes de la sociedad civil, analiz\u00f3 los niveles de cumplimiento<\/p>\n","protected":false},"author":1,"featured_media":18322,"comment_status":"open","ping_status":"open","sticky":false,"template":"","format":"standard","meta":{"footnotes":""},"categories":[12],"tags":[],"class_list":["post-18321","post","type-post","status-publish","format-standard","has-post-thumbnail","hentry","category-nacionales"],"_links":{"self":[{"href":"https:\/\/samantharadionline.com\/index.php\/wp-json\/wp\/v2\/posts\/18321","targetHints":{"allow":["GET"]}}],"collection":[{"href":"https:\/\/samantharadionline.com\/index.php\/wp-json\/wp\/v2\/posts"}],"about":[{"href":"https:\/\/samantharadionline.com\/index.php\/wp-json\/wp\/v2\/types\/post"}],"author":[{"embeddable":true,"href":"https:\/\/samantharadionline.com\/index.php\/wp-json\/wp\/v2\/users\/1"}],"replies":[{"embeddable":true,"href":"https:\/\/samantharadionline.com\/index.php\/wp-json\/wp\/v2\/comments?post=18321"}],"version-history":[{"count":1,"href":"https:\/\/samantharadionline.com\/index.php\/wp-json\/wp\/v2\/posts\/18321\/revisions"}],"predecessor-version":[{"id":18323,"href":"https:\/\/samantharadionline.com\/index.php\/wp-json\/wp\/v2\/posts\/18321\/revisions\/18323"}],"wp:featuredmedia":[{"embeddable":true,"href":"https:\/\/samantharadionline.com\/index.php\/wp-json\/wp\/v2\/media\/18322"}],"wp:attachment":[{"href":"https:\/\/samantharadionline.com\/index.php\/wp-json\/wp\/v2\/media?parent=18321"}],"wp:term":[{"taxonomy":"category","embeddable":true,"href":"https:\/\/samantharadionline.com\/index.php\/wp-json\/wp\/v2\/categories?post=18321"},{"taxonomy":"post_tag","embeddable":true,"href":"https:\/\/samantharadionline.com\/index.php\/wp-json\/wp\/v2\/tags?post=18321"}],"curies":[{"name":"wp","href":"https:\/\/api.w.org\/{rel}","templated":true}]}}