{"id":18312,"date":"2025-08-13T17:19:33","date_gmt":"2025-08-13T21:19:33","guid":{"rendered":"https:\/\/samantharadionline.com\/?p=18312"},"modified":"2025-08-13T17:19:34","modified_gmt":"2025-08-13T21:19:34","slug":"inicio-de-ano-escolar-no-tendra-cupos-escuelas-y-personal-suficientes","status":"publish","type":"post","link":"https:\/\/samantharadionline.com\/index.php\/2025\/08\/13\/inicio-de-ano-escolar-no-tendra-cupos-escuelas-y-personal-suficientes\/","title":{"rendered":"Inicio de a\u00f1o escolar no tendr\u00e1 cupos, escuelas y personal suficientes"},"content":{"rendered":"\n<p class=\"has-medium-font-size\"><em>ADP, como el gremio de profesores dijo que la construcci\u00f3n de alrededor de 800 centros educativos est\u00e1 paralizada por m\u00e1s de 5 a\u00f1os<\/em><\/p>\n\n\n\n<figure class=\"wp-block-image\"><img decoding=\"async\" src=\"https:\/\/listindiario.com\/files\/image_60_60\/uploads\/2024\/01\/03\/6595dbcf057b9.jpeg\" alt=\"Avatar del Nicole Collado\"\/><\/figure>\n\n\n\n<p><em>\u00a0<\/em>Nicole Collado, <strong>Santo Domingo, RD<\/strong><\/p>\n\n\n\n<p>La&nbsp;<strong>Asociaci\u00f3n Dominicana de Profesores<\/strong>&nbsp;(<strong>ADP<\/strong>) expres\u00f3 que el inicio del&nbsp;<strong>a\u00f1o escolar<\/strong>&nbsp;2025-2026 est\u00e1 caracterizado por la&nbsp;<strong>falta de cupos<\/strong>&nbsp;para m\u00e1s de 200,000 estudiantes de todos los niveles, as\u00ed como la falta de m\u00e1s de 7,000 aulas.<\/p>\n\n\n\n<p>A esto le agreg\u00f3 la necesidad de personal docente, incluyendo los maestros para nivel inicial en todo el territorio nacional, as\u00ed como personal administrativo y de apoyo.<\/p>\n\n\n\n<p>El presidente de la ADP,&nbsp;<strong>Eduardo Hidalgo<\/strong>, dijo que a\u00fan persisten alrededor de 800 centros educativos cuya construcci\u00f3n est\u00e1 paralizada por m\u00e1s de 5 a\u00f1os.<\/p>\n\n\n\n<p>\u201cLa ADP se reserva las acciones que emprender\u00e1, si no se cumplen las promesas de resolver la falta de espacios f\u00edsicos y cupos para los miles de ni\u00f1os y ni\u00f1as del pa\u00eds\u201d, expres\u00f3 Hidalgo.<\/p>\n\n\n\n<p>Hidalgo tambi\u00e9n mencion\u00f3 que hay m\u00e1s de 2,000 centros educativos que debieron haber sido remozados, reparados y equipados, pero destac\u00f3 que no se les ha hecho nada, \u201cla inmensa mayor\u00eda de los centros educativos carecen de los recursos y materiales did\u00e1cticos indispensables para una educaci\u00f3n de calidad\u201d.<\/p>\n\n\n\n<p>Enfatiz\u00f3 que los fondos de descentralizaci\u00f3n no est\u00e1n llegando regular y oportunamente a los centros educativos. Estos fondos tienen como fin adquirir insumos para la higienizaci\u00f3n, ambientaci\u00f3n y materiales did\u00e1cticos, entre otros rublos.<\/p>\n\n\n\n<p>Denunci\u00f3 tambi\u00e9n la excesiva carga laboral que les espera a los docentes producto de la sobrepoblaci\u00f3n en las aulas, \u201clo que dificulta la dedicaci\u00f3n a las atenciones individualizadas de los ritmos de aprendizaje de los estudiantes\u201d.<\/p>\n\n\n\n<p>Hidalgo indic\u00f3 que desde hace cuatro a\u00f1os est\u00e1n a la espera de la terminaci\u00f3n de unas canchas que fueron intervenidas para convertirlas en canchas techadas \u201cy ahora ni una cosa ni la otra, as\u00ed mismo ocurre con las aulas de inicial para ni\u00f1os con tres a\u00f1os que lucen abandonadas\u201d.<\/p>\n\n\n\n<h3 class=\"wp-block-heading\">Llamado a integrarse a las aulas<\/h3>\n\n\n\n<p>La ADP llam\u00f3 al magisterio nacional a integrarse al inicio del a\u00f1o escolar 2025-2026 programado para el pr\u00f3ximo 25 de agosto del 2025.<\/p>\n\n\n\n<p>El presidente de la ADP hizo este llamado a pesar de las condiciones de d\u00e9ficit, carencias y crisis del sistema educativo nacional, esperando que el ministro de Educaci\u00f3n, Luis Miguel De Camps, se comprometa a dar respuesta a los d\u00e9ficits se\u00f1alados en el menor tiempo posible.<\/p>\n","protected":false},"excerpt":{"rendered":"<p>ADP, como el gremio de profesores dijo que la construcci\u00f3n de alrededor de 800 centros<\/p>\n","protected":false},"author":1,"featured_media":18313,"comment_status":"open","ping_status":"open","sticky":false,"template":"","format":"standard","meta":{"footnotes":""},"categories":[12],"tags":[],"class_list":["post-18312","post","type-post","status-publish","format-standard","has-post-thumbnail","hentry","category-nacionales"],"_links":{"self":[{"href":"https:\/\/samantharadionline.com\/index.php\/wp-json\/wp\/v2\/posts\/18312","targetHints":{"allow":["GET"]}}],"collection":[{"href":"https:\/\/samantharadionline.com\/index.php\/wp-json\/wp\/v2\/posts"}],"about":[{"href":"https:\/\/samantharadionline.com\/index.php\/wp-json\/wp\/v2\/types\/post"}],"author":[{"embeddable":true,"href":"https:\/\/samantharadionline.com\/index.php\/wp-json\/wp\/v2\/users\/1"}],"replies":[{"embeddable":true,"href":"https:\/\/samantharadionline.com\/index.php\/wp-json\/wp\/v2\/comments?post=18312"}],"version-history":[{"count":1,"href":"https:\/\/samantharadionline.com\/index.php\/wp-json\/wp\/v2\/posts\/18312\/revisions"}],"predecessor-version":[{"id":18314,"href":"https:\/\/samantharadionline.com\/index.php\/wp-json\/wp\/v2\/posts\/18312\/revisions\/18314"}],"wp:featuredmedia":[{"embeddable":true,"href":"https:\/\/samantharadionline.com\/index.php\/wp-json\/wp\/v2\/media\/18313"}],"wp:attachment":[{"href":"https:\/\/samantharadionline.com\/index.php\/wp-json\/wp\/v2\/media?parent=18312"}],"wp:term":[{"taxonomy":"category","embeddable":true,"href":"https:\/\/samantharadionline.com\/index.php\/wp-json\/wp\/v2\/categories?post=18312"},{"taxonomy":"post_tag","embeddable":true,"href":"https:\/\/samantharadionline.com\/index.php\/wp-json\/wp\/v2\/tags?post=18312"}],"curies":[{"name":"wp","href":"https:\/\/api.w.org\/{rel}","templated":true}]}}