{"id":18309,"date":"2025-08-13T17:13:56","date_gmt":"2025-08-13T21:13:56","guid":{"rendered":"https:\/\/samantharadionline.com\/?p=18309"},"modified":"2025-08-13T17:13:57","modified_gmt":"2025-08-13T21:13:57","slug":"profeta-diony-de-la-rosa-llama-a-la-oracion-para-evitar-catastrofes-en-rd","status":"publish","type":"post","link":"https:\/\/samantharadionline.com\/index.php\/2025\/08\/13\/profeta-diony-de-la-rosa-llama-a-la-oracion-para-evitar-catastrofes-en-rd\/","title":{"rendered":"Profeta Diony de la Rosa llama a la oraci\u00f3n para evitar cat\u00e1strofes en RD"},"content":{"rendered":"\n<p class=\"has-medium-font-size\"><em>Diony De la Rosa advirti\u00f3 que, de no acercarse a Dios, la Rep\u00fablica Dominicana podr\u00eda enfrentar fen\u00f3menos naturales como terremotos y un posible tsunami.<\/em><\/p>\n\n\n\n<figure class=\"wp-block-image\"><img decoding=\"async\" src=\"https:\/\/lh3.googleusercontent.com\/a-\/ALV-UjU7rXTgXd9WPMkyrvQ69RRznC6tkDoA6aAIDO7g0BUnhyVJLQ=s40-p\" alt=\"\"\/><\/figure>\n\n\n\n<figure class=\"wp-block-table\"><table class=\"has-fixed-layout\"><tbody><tr><td><strong>Mar\u00eda Jim\u00e9nez<\/strong><\/td><\/tr><\/tbody><\/table><\/figure>\n\n\n\n<p>El l\u00edder cristiano, conocido por m\u00e1s de 400 profec\u00edas cumplidas a nivel internacional entre ellas la crisis haitiana, la ca\u00edda del muro de la Av. &nbsp;27 de Febrero, incidentes contra Donald Trump y la tragedia del Jet Set pidi\u00f3 a la poblaci\u00f3n dominicana unirse en oraci\u00f3n para que Dios proteja al pa\u00eds.<\/p>\n\n\n\n<p>Durante una entrevista con Alex Taylord y Anthony Quinn en la emisora Mixx 104.5 FM, De la Rosa se\u00f1al\u00f3 que las autoridades y figuras p\u00fablicas deben buscar a Dios y actuar con rectitud para evitar enfermedades y que se produzcan situaciones adversas.<\/p>\n\n\n\n<p>Actualmente, el profeta se encuentra en una gira por Estados Unidos, que culminar\u00e1 en Jap\u00f3n, y anunci\u00f3 que en 2026 realizar\u00e1 un evento masivo en el Palacio de los Deportes de Santo Domingo.<\/p>\n\n\n\n<p>Record\u00f3 que \u201cel pueblo debe humillarse, orar y hacer silicio\u201d como acto de fe para que, seg\u00fan sus palabras, el pa\u00eds se mantenga protegido de grandes cat\u00e1strofes.<\/p>\n","protected":false},"excerpt":{"rendered":"<p>Diony De la Rosa advirti\u00f3 que, de no acercarse a Dios, la Rep\u00fablica Dominicana podr\u00eda<\/p>\n","protected":false},"author":1,"featured_media":18310,"comment_status":"open","ping_status":"open","sticky":false,"template":"","format":"standard","meta":{"footnotes":""},"categories":[12],"tags":[],"class_list":["post-18309","post","type-post","status-publish","format-standard","has-post-thumbnail","hentry","category-nacionales"],"_links":{"self":[{"href":"https:\/\/samantharadionline.com\/index.php\/wp-json\/wp\/v2\/posts\/18309","targetHints":{"allow":["GET"]}}],"collection":[{"href":"https:\/\/samantharadionline.com\/index.php\/wp-json\/wp\/v2\/posts"}],"about":[{"href":"https:\/\/samantharadionline.com\/index.php\/wp-json\/wp\/v2\/types\/post"}],"author":[{"embeddable":true,"href":"https:\/\/samantharadionline.com\/index.php\/wp-json\/wp\/v2\/users\/1"}],"replies":[{"embeddable":true,"href":"https:\/\/samantharadionline.com\/index.php\/wp-json\/wp\/v2\/comments?post=18309"}],"version-history":[{"count":1,"href":"https:\/\/samantharadionline.com\/index.php\/wp-json\/wp\/v2\/posts\/18309\/revisions"}],"predecessor-version":[{"id":18311,"href":"https:\/\/samantharadionline.com\/index.php\/wp-json\/wp\/v2\/posts\/18309\/revisions\/18311"}],"wp:featuredmedia":[{"embeddable":true,"href":"https:\/\/samantharadionline.com\/index.php\/wp-json\/wp\/v2\/media\/18310"}],"wp:attachment":[{"href":"https:\/\/samantharadionline.com\/index.php\/wp-json\/wp\/v2\/media?parent=18309"}],"wp:term":[{"taxonomy":"category","embeddable":true,"href":"https:\/\/samantharadionline.com\/index.php\/wp-json\/wp\/v2\/categories?post=18309"},{"taxonomy":"post_tag","embeddable":true,"href":"https:\/\/samantharadionline.com\/index.php\/wp-json\/wp\/v2\/tags?post=18309"}],"curies":[{"name":"wp","href":"https:\/\/api.w.org\/{rel}","templated":true}]}}