{"id":18300,"date":"2025-08-13T17:04:58","date_gmt":"2025-08-13T21:04:58","guid":{"rendered":"https:\/\/samantharadionline.com\/?p=18300"},"modified":"2025-08-13T17:04:59","modified_gmt":"2025-08-13T21:04:59","slug":"alaska-y-el-excesivo-optimismo","status":"publish","type":"post","link":"https:\/\/samantharadionline.com\/index.php\/2025\/08\/13\/alaska-y-el-excesivo-optimismo\/","title":{"rendered":"Alaska y el excesivo optimismo"},"content":{"rendered":"\n<p>VISI\u00d3N GLOBAL\/<strong>Nelson Encarnaci\u00f3n<\/strong>, <a href=\"mailto:Nelsonencar10@gmail.com\">Nelsonencar10@gmail.com<\/a><\/p>\n\n\n\n<p><strong>PERSPECTIVA<\/strong>: El mundo se ha creado unas expectativas que pudieran resultar frustratoriamente excesivas respecto del resultado que se desea de la reuni\u00f3n que este viernes 15 llevar\u00e1n a efecto los presidentes de los Estados Unidos, Donald Trump, y de Rusia, Vlad\u00edmir Putin.<\/p>\n\n\n\n<p>Como sabemos, estos dos l\u00edderes de los polos fundamentales que gravitaron sobre el mundo durante la llamada Guerra Fr\u00eda, sostendr\u00e1n un encuentro cara a cara para abordar el conflicto b\u00e9lico Rusia-Ucrania, un enfrentamiento que rebasa ya los tres a\u00f1os, con un importante desangramiento especialmente del territorio atacado mediante la denominada \u201coperaci\u00f3n militar especial\u201d.<\/p>\n\n\n\n<p>Decimos que las expectativas pudieran culminar en un escenario de frustraci\u00f3n para el mundo, pues no es previsible que en esta primera reuni\u00f3n se avance lo suficiente como para perfilar un desenlace deseado.<\/p>\n\n\n\n<p>Conocido el talante de ambos l\u00edderes, suponemos que este mano a mano se materializar\u00e1 como un simple tanteo de las emociones\u2014una especie de estudio del contrario en el primer round de una pelea de boxeo\u2014sin m\u00e1s que exhibir cuando se corra el tel\u00f3n del escenario de la reuni\u00f3n.<\/p>\n\n\n\n<p>Pero, adem\u00e1s, el \u00fanico que est\u00e1 en capacidad de ceder, reclamar, apretar o dar un portazo, es el presidente Putin, por tratarse de quien puede disponer algo el mismo s\u00e1bado despu\u00e9s del encuentro con Trump el viernes en Alaska.<\/p>\n\n\n\n<p>Por su parte, el jefe de la Casa Blanca actuar\u00e1 en el encuentro como alguien que representa a un subordinado\u2014el gobernante ucraniano, Vladimir Zelenski\u2014, pero sin autoridad efectiva para conceder cosas a nombre de Ucrania.<\/p>\n\n\n\n<p>Es decir, que esta reuni\u00f3n servir\u00eda para allanar el camino a un encuentro negociador entre Putin y Zelenski, quienes se entienden a la perfecci\u00f3n en ruso, lengua materna de ambos, pese a que el gobernante ucraniano abomine de todo lo que huela a Rusia.<a href=\"https:\/\/elcorreo.do\/la-oposicion-y-sus-errores-infantiles\/\" target=\"_blank\" rel=\"noreferrer noopener\"><\/a><\/p>\n\n\n\n<p>El nudo para una reuni\u00f3n de negociaci\u00f3n directa es que el l\u00edder del Kremlin no reconoce legitimidad a su rival en la guerra, debido a que el mandato del actor cinematogr\u00e1fico de tercera categor\u00eda expir\u00f3 hace m\u00e1s de un a\u00f1o.<\/p>\n\n\n\n<p>Sin embargo, ser\u00eda contraproducente pedirle a un pa\u00eds en guerra que organice elecciones, raz\u00f3n por la cual, eventualmente, Putin deber\u00eda de ponerse un pa\u00f1uelo en la nariz para negociar con un ileg\u00edtimo, en aras de poner t\u00e9rmino a la guerra que ha golpeado a ambos.<\/p>\n\n\n\n<p>En dicha coyuntura interna, Ucrania no se halla en condiciones de celebrar elecciones, por lo que los propios adversarios de Zelenski\u2014si bien le piden celebrar elecciones\u2014entran en un razonamiento l\u00f3gico a la hora de dimensionar qu\u00e9 est\u00e1 primero.<\/p>\n\n\n\n<p>As\u00ed las cosas, a Kiev m\u00e1s que a Mosc\u00fa\u2014o a ambos, cada cual con razones espec\u00edficas\u2014conviene el fin del conflicto, para que Rusia y Ucrania puedan encauzarse y de pasada contribuir a la tranquilidad del mundo.<\/p>\n\n\n\n<p>Ahora bien: \u00bfSobre cu\u00e1les bases se firmar\u00eda un acuerdo cuando se piense pactar el fin de la guerra? \u00bfEstar\u00e1 Ucrania decidida a ceder los territorios de la regi\u00f3n del Donb\u00e1s que le ha enajenado Rusia durante la presente guerra?<\/p>\n\n\n\n<p>Son cuestiones sobre la mesa que el presidente Trump no est\u00e1 en condiciones de decidir, por mucha hegemon\u00eda que Estados Unidos tenga sobre Ucrania, como efectivamente la tiene. Cuesti\u00f3n de esperar.<\/p>\n","protected":false},"excerpt":{"rendered":"<p>VISI\u00d3N GLOBAL\/Nelson Encarnaci\u00f3n, Nelsonencar10@gmail.com PERSPECTIVA: El mundo se ha creado unas expectativas que pudieran resultar<\/p>\n","protected":false},"author":1,"featured_media":18301,"comment_status":"open","ping_status":"open","sticky":false,"template":"","format":"standard","meta":{"footnotes":""},"categories":[13],"tags":[],"class_list":["post-18300","post","type-post","status-publish","format-standard","has-post-thumbnail","hentry","category-opinion"],"_links":{"self":[{"href":"https:\/\/samantharadionline.com\/index.php\/wp-json\/wp\/v2\/posts\/18300","targetHints":{"allow":["GET"]}}],"collection":[{"href":"https:\/\/samantharadionline.com\/index.php\/wp-json\/wp\/v2\/posts"}],"about":[{"href":"https:\/\/samantharadionline.com\/index.php\/wp-json\/wp\/v2\/types\/post"}],"author":[{"embeddable":true,"href":"https:\/\/samantharadionline.com\/index.php\/wp-json\/wp\/v2\/users\/1"}],"replies":[{"embeddable":true,"href":"https:\/\/samantharadionline.com\/index.php\/wp-json\/wp\/v2\/comments?post=18300"}],"version-history":[{"count":1,"href":"https:\/\/samantharadionline.com\/index.php\/wp-json\/wp\/v2\/posts\/18300\/revisions"}],"predecessor-version":[{"id":18302,"href":"https:\/\/samantharadionline.com\/index.php\/wp-json\/wp\/v2\/posts\/18300\/revisions\/18302"}],"wp:featuredmedia":[{"embeddable":true,"href":"https:\/\/samantharadionline.com\/index.php\/wp-json\/wp\/v2\/media\/18301"}],"wp:attachment":[{"href":"https:\/\/samantharadionline.com\/index.php\/wp-json\/wp\/v2\/media?parent=18300"}],"wp:term":[{"taxonomy":"category","embeddable":true,"href":"https:\/\/samantharadionline.com\/index.php\/wp-json\/wp\/v2\/categories?post=18300"},{"taxonomy":"post_tag","embeddable":true,"href":"https:\/\/samantharadionline.com\/index.php\/wp-json\/wp\/v2\/tags?post=18300"}],"curies":[{"name":"wp","href":"https:\/\/api.w.org\/{rel}","templated":true}]}}