{"id":18291,"date":"2025-08-13T16:30:34","date_gmt":"2025-08-13T20:30:34","guid":{"rendered":"https:\/\/samantharadionline.com\/?p=18291"},"modified":"2025-08-13T16:30:35","modified_gmt":"2025-08-13T20:30:35","slug":"yovngchimi-continuara-en-prision-tras-un-juez-negarle-nuevamente-la-libertad-bajo-fianza","status":"publish","type":"post","link":"https:\/\/samantharadionline.com\/index.php\/2025\/08\/13\/yovngchimi-continuara-en-prision-tras-un-juez-negarle-nuevamente-la-libertad-bajo-fianza\/","title":{"rendered":"Yovngchimi continuar\u00e1 en prisi\u00f3n tras un juez negarle nuevamente la libertad bajo fianza"},"content":{"rendered":"\n<p class=\"has-medium-font-size\"><em>Durante la vista ante el magistrado Marshal D. Morgan en el Tribunal federal, la defensa del trapero no present\u00f3 pruebas nuevas que \u201cjustificaran la reapertura de la audiencia de fianza, ni material relevante en cuanto al peligro que representa el acusado para la comunidad\u201d<\/em><\/p>\n\n\n\n<figure class=\"wp-block-image\"><img decoding=\"async\" src=\"https:\/\/listindiario.com\/files\/image_60_60\/uploads\/2024\/12\/24\/676b124fa2875.png\" alt=\"Avatar del El Nuevo D\u00eda | GDA\"\/><\/figure>\n\n\n\n<p><em>\u00a0<\/em>El Nuevo D\u00eda | GDA, <strong>Puerto Rico<\/strong><\/p>\n\n\n\n<p>El exponente de m\u00fasica urbana \u00c1ngel Javier Avil\u00e9s Monz\u00f3n, conocido art\u00edsticamente como \u201cYovngchimi\u201d, continuar\u00e1 ingresado en el Centro Metropolitano de Detenci\u00f3n federal (MDC) en Guaynabo luego de que se le negara, nuevamente, salir libre bajo fianza.<\/p>\n\n\n\n<p>Durante la vista ante el magistrado Marshal D. Morgan en el Tribunal federal, la defensa del trapero no present\u00f3 pruebas nuevas que \u201cjustificaran la reapertura de la audiencia de fianza, ni material relevante en cuanto al peligro que representa el acusado para la comunidad\u201d.<\/p>\n\n\n\n<p>No obstante, del expediente judicial surge que la Fiscal\u00eda federal est\u00e1 dispuesta a intentar negociar con Avil\u00e9s Monz\u00f3n para que se declare culpable de los cargos que enfrenta. Estos son: dos cargos por posesi\u00f3n de armas modificadas para disparar en autom\u00e1tico y un tercer cargo por conspiraci\u00f3n para traficar armas de fuego.<\/p>\n\n\n\n<p>\u201cEl acusado permanecer\u00e1 detenido\u201d, dice la minuta sobre la vista celebrada el viernes en la sala 2 del Tribunal federal para el Distrito de Puerto Rico en Hato Rey.<\/p>\n\n\n\n<p>Asimismo, se a\u00f1ade que durante la audiencia \u201cla defensa argument\u00f3 a favor de reabrir el asunto de la fianza, citando nuevas pruebas obtenidas de un video, a la luz de la segunda acusaci\u00f3n sustitutiva\u201d.<\/p>\n\n\n\n<p>\u201cEl gobierno sostuvo su posici\u00f3n a favor de la detenci\u00f3n, bas\u00e1ndose en el peligro que representa el acusado para la comunidad y el riesgo de fuga\u201d, a\u00f1ade la minuta.<\/p>\n\n\n\n<p>Yovngchimi fue arrestado el 29 de diciembre de 2024 en el Aeropuerto Internacional Luis Mu\u00f1oz Mar\u00edn, en Isla Verde. Desde entonces, ha solicitado en varias ocasiones libertad bajo fianza, pero todas las peticiones han sido denegadas.<\/p>\n\n\n\n<p>Mientras, la Fiscal\u00eda federal ha enmendado las acusaciones. Precisamente, esta nueva vista se celebr\u00f3 luego de que el Ministerio P\u00fablico formulara un tercer cargo en contra del reguetonero en julio pasado por supuestamente conspirar para traficar armas de fuego en Puerto Rico.<\/p>\n\n\n\n<p>No obstante, el acusado, que renunci\u00f3 a la lectura de acusaci\u00f3n, se declar\u00f3 no culpable de todos los cargos, seg\u00fan consta del expediente judicial.<\/p>\n\n\n\n<p>De otro lado, existe una controversia sobre cu\u00e1ntas armas de fuego se pudieron haber traficado durante el periodo de la presunta conspiraci\u00f3n, que dio paso a que se radicara un nuevo cargo en contra del acusado. Ayer, la fiscal\u00eda present\u00f3 una moci\u00f3n estableciendo, entre otras cosas, que pudieron ser \u201centre 25 a 99 armas de fuego\u201d.<\/p>\n\n\n\n<p>En otra minuta disponible en el expediente se hace constar que la fiscal Laura D\u00edaz Gonz\u00e1lez indic\u00f3 en corte abierta que \u201csi las partes inician negociaciones para un acuerdo de culpabilidad, el Gobierno estar\u00eda dispuesto a estipular la cantidad de armas traficadas durante el per\u00edodo de tiempo relacionado con los cargos\u201d.<\/p>\n\n\n\n<p>El juicio contra Yovngchimi a\u00fan no tiene fecha.<\/p>\n","protected":false},"excerpt":{"rendered":"<p>Durante la vista ante el magistrado Marshal D. Morgan en el Tribunal federal, la defensa<\/p>\n","protected":false},"author":1,"featured_media":18292,"comment_status":"open","ping_status":"open","sticky":false,"template":"","format":"standard","meta":{"footnotes":""},"categories":[11],"tags":[],"class_list":["post-18291","post","type-post","status-publish","format-standard","has-post-thumbnail","hentry","category-entretenimiento"],"_links":{"self":[{"href":"https:\/\/samantharadionline.com\/index.php\/wp-json\/wp\/v2\/posts\/18291","targetHints":{"allow":["GET"]}}],"collection":[{"href":"https:\/\/samantharadionline.com\/index.php\/wp-json\/wp\/v2\/posts"}],"about":[{"href":"https:\/\/samantharadionline.com\/index.php\/wp-json\/wp\/v2\/types\/post"}],"author":[{"embeddable":true,"href":"https:\/\/samantharadionline.com\/index.php\/wp-json\/wp\/v2\/users\/1"}],"replies":[{"embeddable":true,"href":"https:\/\/samantharadionline.com\/index.php\/wp-json\/wp\/v2\/comments?post=18291"}],"version-history":[{"count":1,"href":"https:\/\/samantharadionline.com\/index.php\/wp-json\/wp\/v2\/posts\/18291\/revisions"}],"predecessor-version":[{"id":18293,"href":"https:\/\/samantharadionline.com\/index.php\/wp-json\/wp\/v2\/posts\/18291\/revisions\/18293"}],"wp:featuredmedia":[{"embeddable":true,"href":"https:\/\/samantharadionline.com\/index.php\/wp-json\/wp\/v2\/media\/18292"}],"wp:attachment":[{"href":"https:\/\/samantharadionline.com\/index.php\/wp-json\/wp\/v2\/media?parent=18291"}],"wp:term":[{"taxonomy":"category","embeddable":true,"href":"https:\/\/samantharadionline.com\/index.php\/wp-json\/wp\/v2\/categories?post=18291"},{"taxonomy":"post_tag","embeddable":true,"href":"https:\/\/samantharadionline.com\/index.php\/wp-json\/wp\/v2\/tags?post=18291"}],"curies":[{"name":"wp","href":"https:\/\/api.w.org\/{rel}","templated":true}]}}