{"id":18279,"date":"2025-08-13T16:08:09","date_gmt":"2025-08-13T20:08:09","guid":{"rendered":"https:\/\/samantharadionline.com\/?p=18279"},"modified":"2025-08-13T16:08:09","modified_gmt":"2025-08-13T20:08:09","slug":"argentina-autoriza-a-arajet-a-volar-desde-mendoza-rosario-y-cordoba","status":"publish","type":"post","link":"https:\/\/samantharadionline.com\/index.php\/2025\/08\/13\/argentina-autoriza-a-arajet-a-volar-desde-mendoza-rosario-y-cordoba\/","title":{"rendered":"Argentina autoriza a Arajet a volar desde Mendoza, Rosario y C\u00f3rdoba"},"content":{"rendered":"\n<p class=\"has-medium-font-size\"><em>La decisi\u00f3n responde al gran caudal de argentinos que visitan el pa\u00eds caribe\u00f1o: la Argentina es el tercer pa\u00eds emisor de turistas hacia Rep\u00fablica Dominicana<\/em>.<\/p>\n\n\n\n<p class=\"has-small-font-size\"><em>\u00a0<\/em>La Naci\u00f3n Argentina | GDA ,Argentina\u00a0<\/p>\n\n\n\n<p>El Gobierno oficializ\u00f3 este mi\u00e9rcoles una medida que ya hab\u00eda anticipado LA NACION: la autorizaci\u00f3n para que una aerol\u00ednea low cost vuele desde Mendoza, Rosario y C\u00f3rdoba con destino a&nbsp;<strong>Punta Cana<\/strong>. Se trata de la dominicana&nbsp;<strong>Arajet<\/strong>, que empez\u00f3 a operar en el pa\u00eds hace dos a\u00f1os y duplicar\u00e1 las frecuencias entre ambos pa\u00edses hacia fin de a\u00f1o.<\/p>\n\n\n\n<p>La medida fue expresada esta madrugada en la Disposici\u00f3n 21\/2025 del Bolet\u00edn Oficial, y lleva la firma del subsecretario de&nbsp;<strong>Transporte A\u00e9reo de Argentina,<\/strong>&nbsp;Hern\u00e1n G\u00f3mez.<\/p>\n\n\n\n<p>La decisi\u00f3n responde al gran caudal de argentinos que visitan el pa\u00eds caribe\u00f1o: la&nbsp;<strong>Argentina&nbsp;<\/strong>es el tercer pa\u00eds emisor de turistas hacia&nbsp;<strong>Rep\u00fablica Dominicana<\/strong>&nbsp;y, si se toma en cuenta el crecimiento registrado en 2025, ocupa el primer lugar. Hasta fines de julio, 163.000 argentinos viajaron all\u00ed y, para fin de a\u00f1o, el n\u00famero podr\u00eda llegar a 400.000, frente a los 272.000 de 2024.<\/p>\n\n\n\n<p>\u201cEn octubre tendremos 13 frecuencias entre Punta Cana y Buenos Aires, y dos frecuencias entre Santo Domingo y Buenos Aires a fin de a\u00f1o\u201d, explic\u00f3&nbsp;<strong>V\u00edctor Pacheco M\u00e9ndez,&nbsp;<\/strong>CEO de Arajet, en una conferencia de prensa recientemente.<\/p>\n\n\n\n<p>Seg\u00fan el ejecutivo, la empresa invirti\u00f3 US$3400 millones a nivel global -si se toma en cuenta la adquisici\u00f3n de aeronaves- y lleva invertidos US$15 millones en la operaci\u00f3n argentina. \u201cQueremos crecer a 21 frecuencias desde Ezeiza, alcanzar siete en C\u00f3rdoba y, dependiendo de c\u00f3mo avance eso, considerar a Rosario y a Mendoza. En nuestros vuelos, el 70% de los pasajeros son argentinos y el 30% restante es un mix entre dominicanos y turistas de otras nacionalidades\u201d, detall\u00f3.<\/p>\n\n\n\n<p>\u201cSi miramos los \u00faltimos a\u00f1os, el crecimiento de los argentinos que viajan a&nbsp;<strong>Rep\u00fablica Dominicana<\/strong>&nbsp;es del 98%. En 2021 fueron 186.000; en 2022, 180.000; en 2023, 201.000; en 2024, 272.000 y, en lo que va de 2025, llevamos 163.000. Si proyectamos este a\u00f1o, llegar\u00edamos a 400.000 turistas argentinos\u201d, marc\u00f3.<\/p>\n\n\n\n<p>Arajet ofrece vuelos de bajo costo a destinos en&nbsp;<strong>Am\u00e9rica del Norte, el Caribe, Am\u00e9rica Central y Am\u00e9rica del Sur<\/strong>&nbsp;desde el comienzo de sus operaciones, el 15 de septiembre de 2022.<\/p>\n\n\n\n<p>La flota actual consta de 11&nbsp;<strong>Boeing&nbsp;<\/strong>737 MAX-8, con capacidad para trasladar a un total de 185 pasajeros. Actualmente, vuela a destinos como Canad\u00e1, Guatemala, Aruba, Curazao, Jamaica, Puerto Rico,&nbsp;<strong>Rep\u00fablica Dominicana,<\/strong>&nbsp;Saint-Martin, Brasil, Chile, Colombia, Ecuador, Per\u00fa, Estados Unidos,&nbsp;<strong>M\u00e9xico<\/strong>, Costa Rica y&nbsp;<strong>El Salvador<\/strong>; y en los pr\u00f3ximos meses sumar\u00e1 varias rutas a Estados Unidos,&nbsp;<strong>Cuba&nbsp;<\/strong>y Honduras, entre otros.<\/p>\n","protected":false},"excerpt":{"rendered":"<p>La decisi\u00f3n responde al gran caudal de argentinos que visitan el pa\u00eds caribe\u00f1o: la Argentina<\/p>\n","protected":false},"author":1,"featured_media":18280,"comment_status":"open","ping_status":"open","sticky":false,"template":"","format":"standard","meta":{"footnotes":""},"categories":[10],"tags":[],"class_list":["post-18279","post","type-post","status-publish","format-standard","has-post-thumbnail","hentry","category-economica"],"_links":{"self":[{"href":"https:\/\/samantharadionline.com\/index.php\/wp-json\/wp\/v2\/posts\/18279","targetHints":{"allow":["GET"]}}],"collection":[{"href":"https:\/\/samantharadionline.com\/index.php\/wp-json\/wp\/v2\/posts"}],"about":[{"href":"https:\/\/samantharadionline.com\/index.php\/wp-json\/wp\/v2\/types\/post"}],"author":[{"embeddable":true,"href":"https:\/\/samantharadionline.com\/index.php\/wp-json\/wp\/v2\/users\/1"}],"replies":[{"embeddable":true,"href":"https:\/\/samantharadionline.com\/index.php\/wp-json\/wp\/v2\/comments?post=18279"}],"version-history":[{"count":1,"href":"https:\/\/samantharadionline.com\/index.php\/wp-json\/wp\/v2\/posts\/18279\/revisions"}],"predecessor-version":[{"id":18281,"href":"https:\/\/samantharadionline.com\/index.php\/wp-json\/wp\/v2\/posts\/18279\/revisions\/18281"}],"wp:featuredmedia":[{"embeddable":true,"href":"https:\/\/samantharadionline.com\/index.php\/wp-json\/wp\/v2\/media\/18280"}],"wp:attachment":[{"href":"https:\/\/samantharadionline.com\/index.php\/wp-json\/wp\/v2\/media?parent=18279"}],"wp:term":[{"taxonomy":"category","embeddable":true,"href":"https:\/\/samantharadionline.com\/index.php\/wp-json\/wp\/v2\/categories?post=18279"},{"taxonomy":"post_tag","embeddable":true,"href":"https:\/\/samantharadionline.com\/index.php\/wp-json\/wp\/v2\/tags?post=18279"}],"curies":[{"name":"wp","href":"https:\/\/api.w.org\/{rel}","templated":true}]}}