{"id":18261,"date":"2025-08-13T11:20:06","date_gmt":"2025-08-13T15:20:06","guid":{"rendered":"https:\/\/samantharadionline.com\/?p=18261"},"modified":"2025-08-13T11:20:07","modified_gmt":"2025-08-13T15:20:07","slug":"propuesta-electoral-en-el-cdp-seccional-dn-encabezada-por-francisco-marte","status":"publish","type":"post","link":"https:\/\/samantharadionline.com\/index.php\/2025\/08\/13\/propuesta-electoral-en-el-cdp-seccional-dn-encabezada-por-francisco-marte\/","title":{"rendered":"Propuesta electoral en el CDP Seccional DN encabezada por Francisco Marte"},"content":{"rendered":"\n<p class=\"has-medium-font-size\"><em>La propuesta es respaldada por el Movimiento Marcelino Vega<\/em><\/p>\n\n\n\n<p><strong>Santo Domingo, R.D.<\/strong><\/p>\n\n\n\n<p>El Movimiento Marcelino V\u00e9lez present\u00f3 oficialmente la plancha por la Seccional del Distrito Nacional, que competir\u00e1 en las elecciones internas programadas para el pr\u00f3ximo 29 de agosto en la sede central del gremio.<\/p>\n\n\n\n<p>La propuesta, respaldada por el Movimiento Marcelino Vega, est\u00e1 encabezada por Francisco Marte como candidato a secretario general, acompa\u00f1ado de un equipo de profesionales que busca fortalecer y modernizar la gesti\u00f3n del CDP en la capital.<\/p>\n\n\n\n<p>La plancha est\u00e1 conformada por:<br>\u2022 Francis Carela, secretaria de Organizaci\u00f3n<br>\u2022 Anabel N\u00fa\u00f1ez, secretaria de Finanzas<br>\u2022 Juan Carlos Mej\u00eda, secretario de Educaci\u00f3n<br>\u2022 Julisa Morel, secretaria de Comunicaci\u00f3n<br>\u2022 Logan Jim\u00e9nez, secretario de Actas<br>\u2022 Jenny Santana, vocal<\/p>\n\n\n\n<p>Bajo el lema \u201cUnidos para transformar nuestro Colegio de Periodistas\u201d, los aspirantes plantean una agenda centrada en la capacitaci\u00f3n continua, la transparencia administrativa y el fortalecimiento institucional de la seccional, con el objetivo de responder a las necesidades actuales de los periodistas y fomentar un ejercicio profesional \u00e9tico y de calidad.<\/p>\n\n\n\n<figure class=\"wp-block-image\"><img decoding=\"async\" src=\"https:\/\/img.mmc.com.do\/elcaribe-bucket\/uploads\/2025\/08\/image-6-17-820x1024.jpg\" alt=\"\" class=\"wp-image-1854731\"\/><\/figure>\n\n\n\n<p>Las elecciones del Colegio Dominicano de Periodistas son un espacio democr\u00e1tico clave para la definici\u00f3n de pol\u00edticas y acciones que impactan directamente en el ejercicio del periodismo nacional. La Seccional Distrito Nacional invita a todos sus miembros habilitados a participar activamente en este proceso.<\/p>\n\n\n\n<p>El pr\u00f3ximo 29 de agosto, ejerza su derecho al voto y sea parte de la transformaci\u00f3n del CDP.<\/p>\n","protected":false},"excerpt":{"rendered":"<p>La propuesta es respaldada por el Movimiento Marcelino Vega Santo Domingo, R.D. El Movimiento Marcelino<\/p>\n","protected":false},"author":1,"featured_media":18262,"comment_status":"open","ping_status":"open","sticky":false,"template":"","format":"standard","meta":{"footnotes":""},"categories":[12],"tags":[],"class_list":["post-18261","post","type-post","status-publish","format-standard","has-post-thumbnail","hentry","category-nacionales"],"_links":{"self":[{"href":"https:\/\/samantharadionline.com\/index.php\/wp-json\/wp\/v2\/posts\/18261","targetHints":{"allow":["GET"]}}],"collection":[{"href":"https:\/\/samantharadionline.com\/index.php\/wp-json\/wp\/v2\/posts"}],"about":[{"href":"https:\/\/samantharadionline.com\/index.php\/wp-json\/wp\/v2\/types\/post"}],"author":[{"embeddable":true,"href":"https:\/\/samantharadionline.com\/index.php\/wp-json\/wp\/v2\/users\/1"}],"replies":[{"embeddable":true,"href":"https:\/\/samantharadionline.com\/index.php\/wp-json\/wp\/v2\/comments?post=18261"}],"version-history":[{"count":1,"href":"https:\/\/samantharadionline.com\/index.php\/wp-json\/wp\/v2\/posts\/18261\/revisions"}],"predecessor-version":[{"id":18263,"href":"https:\/\/samantharadionline.com\/index.php\/wp-json\/wp\/v2\/posts\/18261\/revisions\/18263"}],"wp:featuredmedia":[{"embeddable":true,"href":"https:\/\/samantharadionline.com\/index.php\/wp-json\/wp\/v2\/media\/18262"}],"wp:attachment":[{"href":"https:\/\/samantharadionline.com\/index.php\/wp-json\/wp\/v2\/media?parent=18261"}],"wp:term":[{"taxonomy":"category","embeddable":true,"href":"https:\/\/samantharadionline.com\/index.php\/wp-json\/wp\/v2\/categories?post=18261"},{"taxonomy":"post_tag","embeddable":true,"href":"https:\/\/samantharadionline.com\/index.php\/wp-json\/wp\/v2\/tags?post=18261"}],"curies":[{"name":"wp","href":"https:\/\/api.w.org\/{rel}","templated":true}]}}