{"id":18247,"date":"2025-08-13T10:12:22","date_gmt":"2025-08-13T14:12:22","guid":{"rendered":"https:\/\/samantharadionline.com\/?p=18247"},"modified":"2025-08-13T10:12:22","modified_gmt":"2025-08-13T14:12:22","slug":"se-sabra-hoy-si-alexis-medina-es-absuelto-o-condenado","status":"publish","type":"post","link":"https:\/\/samantharadionline.com\/index.php\/2025\/08\/13\/se-sabra-hoy-si-alexis-medina-es-absuelto-o-condenado\/","title":{"rendered":"\u00bfSe sabr\u00e1 hoy si Alexis Medina es absuelto o condenado?"},"content":{"rendered":"\n<p class=\"has-medium-font-size\"><em>El tribunal anunci\u00f3 que la lectura del veredicto se dar\u00e1 a conocer a las 11:00 de la ma\u00f1ana. Esto ocurrir\u00e1 despu\u00e9s de escuchar las conclusiones finales del Ministerio P\u00fablico, los abogados que representan al Estado y las defensas de los acusados<\/em><\/p>\n\n\n\n<p>Ram\u00f3n Cruz Benz\u00e1n, <strong>Santo Domingo, RD<\/strong><\/p>\n\n\n\n<p>El Segundo Tribunal Colegiado del Distrito Nacional dictar\u00e1 su fallo sobre el caso de\u00a0<strong>corrupci\u00f3n\u00a0<\/strong>que involucra a\u00a0<strong>Alexis Medina<\/strong>\u00a0y otros acusados.\u00a0<\/p>\n\n\n\n<p>La decisi\u00f3n judicial, esperada con gran expectativa, determinar\u00e1 si los imputados son condenados o absueltos por los presuntos actos de corrupci\u00f3n ocurridos durante el gobierno del expresidente&nbsp;<strong>Danilo Medina<\/strong>.<\/p>\n\n\n\n<p>El tribunal, presidido por Clarivel Nivar e integrado por Clara Castillo y Jisell Soto, anunci\u00f3 que la lectura del veredicto se dar\u00e1 a conocer a las 11:00 de la ma\u00f1ana. Esto ocurrir\u00e1 despu\u00e9s de escuchar las conclusiones finales del Ministerio P\u00fablico, los abogados que representan al Estado y las defensas de los acusados.<\/p>\n\n\n\n<h3 class=\"wp-block-heading\">\u201cNo se ha cometido ning\u00fan delito\u201d<\/h3>\n\n\n\n<p>Los imputados han solicitado una sentencia de descargo, argumentando que el&nbsp;<strong>Ministerio P\u00fablico<\/strong>&nbsp;no present\u00f3 pruebas suficientes para demostrar su culpabilidad.<\/p>\n\n\n\n<p>En representaci\u00f3n de Alexis Medina, el abogado Richard Mart\u00ednez solicit\u00f3 una sentencia absolutoria para todos los acusados.&nbsp;<\/p>\n\n\n\n<p>Sostiene que el caso se fundamenta en una premisa err\u00f3nea: la supuesta prohibici\u00f3n de que Alexis Medina vendiera bienes o servicios al Estado mientras su hermano era presidente.<\/p>\n\n\n\n<p><strong>Lea tambi\u00e9n<\/strong><\/p>\n\n\n\n<p>Mart\u00ednez aclar\u00f3 que la&nbsp;<strong>Ley 340-06<\/strong>&nbsp;de Compras y Contrataciones P\u00fablicas, vigente en ese momento, no establec\u00eda dicha prohibici\u00f3n.<\/p>\n\n\n\n<p>La defensa tambi\u00e9n destac\u00f3 que la nueva ley,&nbsp;<strong>Ley 47-25<\/strong>, no puede aplicarse al caso de manera retroactiva, ya que entr\u00f3 en vigor recientemente. Por su parte, la abogada Wendy Lora, defensora de Magaly Medina, se mostr\u00f3 confiada en una decisi\u00f3n favorable y enfatiz\u00f3 que el tribunal debe basar su fallo en las pruebas y declaraciones de los testigos, no en lo que el Ministerio P\u00fablico no pudo probar.<\/p>\n\n\n\n<h3 class=\"wp-block-heading\">Pedido del Ministerio P\u00fablico: 20 a\u00f1os de c\u00e1rcel para Alexis Medina<\/h3>\n\n\n\n<p>Los fiscales de la Procuradur\u00eda Especializada de Persecuci\u00f3n de la Corrupci\u00f3n Administrativa (<strong>Pepca<\/strong>), bajo la coordinaci\u00f3n de Mirna Ortiz, han solicitado duras penas para los acusados. Pidieron 20 a\u00f1os de prisi\u00f3n para Alexis Medina y entre 3 y 15 a\u00f1os para los dem\u00e1s implicados.<\/p>\n\n\n\n<p>Adem\u00e1s de las penas de&nbsp;<strong>prisi\u00f3n<\/strong>, la Pepca pidi\u00f3 que se cumplan en los centros de correcci\u00f3n de Najayo Hombres y&nbsp;<strong>Najayo&nbsp;<\/strong>Mujeres, y que se decomisen los bienes obtenidos de forma ilegal.&nbsp;<\/p>\n\n\n\n<p>Tambi\u00e9n solicitaron la inhabilitaci\u00f3n por 10 a\u00f1os para que los condenados puedan contratar con el Estado y ocupar cargos p\u00fablicos, junto con la degradaci\u00f3n c\u00edvica.<\/p>\n\n\n\n<h3 class=\"wp-block-heading\">Acuerdos y acusaciones previas<\/h3>\n\n\n\n<p>En la etapa preliminar del proceso, algunos imputados como<strong>&nbsp;Francisco Pag\u00e1n Rodr\u00edguez<\/strong>, Juli\u00e1n Esteban Suriel Suazo,&nbsp;<strong>Lewis Ariel Castillo Robles<\/strong>&nbsp;y<strong>&nbsp;Domingo Antonio Santiago<\/strong>&nbsp;llegaron a acuerdos con la fiscal\u00eda.&nbsp;<\/p>\n\n\n\n<p>Estos pactos permitieron la recuperaci\u00f3n de m\u00e1s de 200 millones de pesos en bienes y efectivo para el Estado.<\/p>\n\n\n\n<p>Seg\u00fan el expediente,<strong>&nbsp;Juan Alexis Medina S\u00e1nchez&nbsp;<\/strong>aprovech\u00f3 su relaci\u00f3n con el expresidente Danilo Medina para crear un entramado de empresas que, mediante maniobras fraudulentas, se benefici\u00f3 de obras, bienes y servicios del Estado.<\/p>\n\n\n\n<p>El acusado enfrenta cargos por lavado de activos, desfalco, enriquecimiento il\u00edcito y tr\u00e1fico de influencias, entre otros.&nbsp;<\/p>\n\n\n\n<p>Los dem\u00e1s procesados est\u00e1n imputados por&nbsp;<strong>asociaci\u00f3n de malhechores<\/strong>,&nbsp;<strong>estafa contra el Estado<\/strong>&nbsp;y&nbsp;<strong>criminalidad&nbsp;<\/strong>organizada.<\/p>\n","protected":false},"excerpt":{"rendered":"<p>El tribunal anunci\u00f3 que la lectura del veredicto se dar\u00e1 a conocer a las 11:00<\/p>\n","protected":false},"author":1,"featured_media":18248,"comment_status":"open","ping_status":"open","sticky":false,"template":"","format":"standard","meta":{"footnotes":""},"categories":[12],"tags":[],"class_list":["post-18247","post","type-post","status-publish","format-standard","has-post-thumbnail","hentry","category-nacionales"],"_links":{"self":[{"href":"https:\/\/samantharadionline.com\/index.php\/wp-json\/wp\/v2\/posts\/18247","targetHints":{"allow":["GET"]}}],"collection":[{"href":"https:\/\/samantharadionline.com\/index.php\/wp-json\/wp\/v2\/posts"}],"about":[{"href":"https:\/\/samantharadionline.com\/index.php\/wp-json\/wp\/v2\/types\/post"}],"author":[{"embeddable":true,"href":"https:\/\/samantharadionline.com\/index.php\/wp-json\/wp\/v2\/users\/1"}],"replies":[{"embeddable":true,"href":"https:\/\/samantharadionline.com\/index.php\/wp-json\/wp\/v2\/comments?post=18247"}],"version-history":[{"count":1,"href":"https:\/\/samantharadionline.com\/index.php\/wp-json\/wp\/v2\/posts\/18247\/revisions"}],"predecessor-version":[{"id":18249,"href":"https:\/\/samantharadionline.com\/index.php\/wp-json\/wp\/v2\/posts\/18247\/revisions\/18249"}],"wp:featuredmedia":[{"embeddable":true,"href":"https:\/\/samantharadionline.com\/index.php\/wp-json\/wp\/v2\/media\/18248"}],"wp:attachment":[{"href":"https:\/\/samantharadionline.com\/index.php\/wp-json\/wp\/v2\/media?parent=18247"}],"wp:term":[{"taxonomy":"category","embeddable":true,"href":"https:\/\/samantharadionline.com\/index.php\/wp-json\/wp\/v2\/categories?post=18247"},{"taxonomy":"post_tag","embeddable":true,"href":"https:\/\/samantharadionline.com\/index.php\/wp-json\/wp\/v2\/tags?post=18247"}],"curies":[{"name":"wp","href":"https:\/\/api.w.org\/{rel}","templated":true}]}}