{"id":18238,"date":"2025-08-13T10:02:38","date_gmt":"2025-08-13T14:02:38","guid":{"rendered":"https:\/\/samantharadionline.com\/?p=18238"},"modified":"2025-08-13T10:02:39","modified_gmt":"2025-08-13T14:02:39","slug":"desmienten-denuncias-de-privatizacion-de-la-ciudad-sanitaria","status":"publish","type":"post","link":"https:\/\/samantharadionline.com\/index.php\/2025\/08\/13\/desmienten-denuncias-de-privatizacion-de-la-ciudad-sanitaria\/","title":{"rendered":"Desmienten denuncias de privatizaci\u00f3n de la Ciudad Sanitaria"},"content":{"rendered":"\n<p class=\"has-medium-font-size\"><em>\u201cHe escuchado con disgusto y estupor algunas voces, asegurando, sin pruebas ni evidencias, que la Ciudad Sanitaria ser\u00e1 y est\u00e1 \u201cprivatizada\u201d. Una afirmaci\u00f3n burda y falaz. No s\u00e9 con cual intenci\u00f3n se esparce esta mentira\u201d, expres\u00f3 Puello<\/em><\/p>\n\n\n\n<p>Lizbeth Chalas, <strong>Santo Domingo, RD<\/strong><\/p>\n\n\n\n<p>El presidente de la&nbsp;<strong>Ciudad Sanitaria Luis Eduardo<\/strong>&nbsp;<strong>Aybar<\/strong>,&nbsp;<strong>Jos\u00e9 Joaqu\u00edn Puello<\/strong>, respondi\u00f3 en la ma\u00f1ana del martes a las denuncias realizadas por organizaciones barriales, personal sanitario y entidades pol\u00edticas sobre la supuesta privatizaci\u00f3n, descuido y no terminaci\u00f3n del centro.<\/p>\n\n\n\n<p>\u201cHe escuchado con disgusto y estupor algunas voces, asegurando, sin pruebas ni evidencias, que la Ciudad Sanitaria ser\u00e1 y est\u00e1 \u201c<strong>privatizada<\/strong>\u201d. Una afirmaci\u00f3n burda y falaz. No s\u00e9 con cual intenci\u00f3n se esparce esta mentira\u201d, expres\u00f3 Puello.<\/p>\n\n\n\n<h3 class=\"wp-block-heading\">Mejoras del entorno<\/h3>\n\n\n\n<p>Con relaci\u00f3n a la \u201carrabalizaci\u00f3n\u201d de la periferia del centro hospitalario, Puello inform\u00f3 que buscar\u00e1n mejorarlo en un trabajo conjunto con el departamento de Embellecimiento Urbano de la Alcald\u00eda del Distrito Nacional, la Polic\u00eda Nacional y la Direcci\u00f3n General de Seguridad de Tr\u00e1nsito y Transporte Terrestre (<strong>Digesset<\/strong>).<\/p>\n\n\n\n<p>Desde hace semanas han denunciado la presencia de vendedores ambulantes en el entorno; motocicletas; funcionamiento de talleres en las aceras; vertederos improvisados, desorganizaci\u00f3n en el tr\u00e1fico e inseguridad. Adem\u00e1s, de maleza y aguas negras aposadas.<\/p>\n\n\n\n<h3 class=\"wp-block-heading\">Privatizaci\u00f3n<\/h3>\n\n\n\n<p>Con relaci\u00f3n a la privatizaci\u00f3n, indic\u00f3 que m\u00e1s del 98% de los pacientes que se atienden en la Ciudad Sanitaria proceden del R\u00e9gimen&nbsp;<strong>Subsidiado&nbsp;<\/strong>y el resto Plan B\u00e1sico de salud, de las ARS privadas.<\/p>\n\n\n\n<p>Adem\u00e1s inform\u00f3 que un n\u00famero visible pertenece a pacientes sin cobertura, que al ser indigentes \u201cno se le pasan facturas\u201d.<\/p>\n\n\n\n<p>\u201cNunca he recibido indicaci\u00f3n alguna de nuestros gobiernos sobre la tan mencionada privatizaci\u00f3n. Lo cierto es que vamos a buen ritmo. La ciudad sanitaria es muy compleja, con equipos modernos que requieren de excelentes profesionales. Y la medicina con altos resultados y buen servicio es costosa\u201d, expres\u00f3.<\/p>\n\n\n\n<h3 class=\"wp-block-heading\">Estructuras hospitalarias<\/h3>\n\n\n\n<p>En cuanto a las estructuras hospitalarias, asegur\u00f3 que solamente falta por terminar la parte cl\u00ednica\/quir\u00fargica del hospital y se estima que ser\u00e1 entregada para los meses de septiembre- noviembre.<\/p>\n\n\n\n<p>Adem\u00e1s asegur\u00f3 que los hospitales de la ciudad sanitaria, como el Centro de Educaci\u00f3n M\u00e9dica de Amistad Dominico Japonesa (<strong>Cemadoja<\/strong>) y el Centro Cardio Neuro Oftalmol\u00f3gico y Trasplante(<strong>Cecanot<\/strong>), las \u00e1reas de gastroenterolog\u00eda y consulta externa est\u00e1n operando.<\/p>\n\n\n\n<p>Resalt\u00f3 que Cecanot se remodelar\u00e1 pr\u00f3ximamente, y el \u00e1rea de anatom\u00eda patol\u00f3gica ya est\u00e1 terminada y en espera del personal sanitario que prestar\u00e1 el servicio.<\/p>\n\n\n\n<p><strong>Lea tambi\u00e9n<\/strong><\/p>\n\n\n\n<p>\u201cLos hospitales son como los ni\u00f1os: nacen, crecen, se desarrollan y se van haciendo adultos poco a poco. Y sus necesidades de expansi\u00f3n y modernizaci\u00f3n se imponen de acuerdo a la demando, siempre creciente, de asistencia\u201d, expres\u00f3 Puello.<\/p>\n\n\n\n<p>\u201cEs obvio que necesitaremos recursos para todo ello. La pr\u00e1ctica m\u00e9dica no puede detenerse y su renovaci\u00f3n constante es obligatoria e ineludible\u201d, concluy\u00f3 Puello.<\/p>\n\n\n\n<h3 class=\"wp-block-heading\">CMD algunas mejoras<\/h3>\n\n\n\n<p>En torno al complejo hospitalario, el<strong>&nbsp;Colegio M\u00e9dico Dominicano<\/strong>&nbsp;(<strong>CMD<\/strong>) manifest\u00f3 que hay lugares y espacios qu\u00e9 mejorar y terminar de construirse, en la&nbsp;<strong>Ciudad Sanitaria Luis Eduardo Aybar<\/strong>, como el \u00e1rea cl\u00ednico quir\u00fargico y la de cuidados intensivos.<\/p>\n\n\n\n<p>\u201cEs un problema de miles de millones de pesos que hay que buscar para concluir con esa Ciudad Sanitaria, por eso es que nosotros plante\u00e1bamos en un principio que esa gran estructura deber\u00eda darle los servicios gratuitos a la poblaci\u00f3n (\u2026) y se ha mantenido as\u00ed\u201d, expres\u00f3.<\/p>\n\n\n\n<p>Sobre los supuestos avances alcanzados en el sector salud en los \u00faltimos cinco a\u00f1os se\u00f1alados por el presidente Luis Abinader el pasado lunes, dijo el presidente del gremio, doctor<strong>&nbsp;Waldo Ariel Suero<\/strong>, afirm\u00f3 que hubo mejoras en el \u00e1rea sanitaria, como la reestructuraci\u00f3n de hospitales, pero tambi\u00e9n resalt\u00f3 la falta de remozamiento de otros.<\/p>\n\n\n\n<p>Con relaci\u00f3n a la mortalidad infantil, el titular del CMD afirm\u00f3 que si hubo una incremento en los casos en los meses julio y agosto, a diferencia del primer semestre que marc\u00f3 disminuci\u00f3n en las cifras.<\/p>\n\n\n\n<p>Por lo que, precis\u00f3 oportuno esperar que el a\u00f1o concluya para comprobar si hubo o no una baja de las<strong>\u00a0muertes infantiles<\/strong>.<\/p>\n\n\n\n<p>\u201cEn los primeros seis meses si hubo una disminuci\u00f3n, pero f\u00edjese como se dispara ahora la mortalidad en estos \u00faltimos dos meses, por eso es necesario esperar que se complete el a\u00f1o\u201d, expres\u00f3 Suero.<\/p>\n\n\n\n<p>De igual forma, expres\u00f3 que la Ley 87-01 de la Seguridad Social requiere de una modificaci\u00f3n, en la que se le retire el \u201ccar\u00e1cter empresarial\u201d que actualmente tiene.<\/p>\n\n\n\n<p>\u201cHay que quitarle las ganancias a las aseguradoras de fondos de pensiones, como las AFP; reconfigurar el consejo nacional\u201d,<\/p>\n\n\n\n<p>Asimismo, aprovech\u00f3 la oportunidad para denunciar la cantidad de&nbsp;<strong>desempleo&nbsp;<\/strong>de m\u00e9dicos j\u00f3venes, adem\u00e1s de m\u00e9dicos generales y especialistas.<\/p>\n\n\n\n<p>Suero, adem\u00e1s, extern\u00f3 que precisan de un<strong>&nbsp;aumento salarial para los m\u00e9dicos pensionados<\/strong>.<\/p>\n","protected":false},"excerpt":{"rendered":"<p>\u201cHe escuchado con disgusto y estupor algunas voces, asegurando, sin pruebas ni evidencias, que la<\/p>\n","protected":false},"author":1,"featured_media":18239,"comment_status":"open","ping_status":"open","sticky":false,"template":"","format":"standard","meta":{"footnotes":""},"categories":[15],"tags":[],"class_list":["post-18238","post","type-post","status-publish","format-standard","has-post-thumbnail","hentry","category-salud"],"_links":{"self":[{"href":"https:\/\/samantharadionline.com\/index.php\/wp-json\/wp\/v2\/posts\/18238","targetHints":{"allow":["GET"]}}],"collection":[{"href":"https:\/\/samantharadionline.com\/index.php\/wp-json\/wp\/v2\/posts"}],"about":[{"href":"https:\/\/samantharadionline.com\/index.php\/wp-json\/wp\/v2\/types\/post"}],"author":[{"embeddable":true,"href":"https:\/\/samantharadionline.com\/index.php\/wp-json\/wp\/v2\/users\/1"}],"replies":[{"embeddable":true,"href":"https:\/\/samantharadionline.com\/index.php\/wp-json\/wp\/v2\/comments?post=18238"}],"version-history":[{"count":1,"href":"https:\/\/samantharadionline.com\/index.php\/wp-json\/wp\/v2\/posts\/18238\/revisions"}],"predecessor-version":[{"id":18240,"href":"https:\/\/samantharadionline.com\/index.php\/wp-json\/wp\/v2\/posts\/18238\/revisions\/18240"}],"wp:featuredmedia":[{"embeddable":true,"href":"https:\/\/samantharadionline.com\/index.php\/wp-json\/wp\/v2\/media\/18239"}],"wp:attachment":[{"href":"https:\/\/samantharadionline.com\/index.php\/wp-json\/wp\/v2\/media?parent=18238"}],"wp:term":[{"taxonomy":"category","embeddable":true,"href":"https:\/\/samantharadionline.com\/index.php\/wp-json\/wp\/v2\/categories?post=18238"},{"taxonomy":"post_tag","embeddable":true,"href":"https:\/\/samantharadionline.com\/index.php\/wp-json\/wp\/v2\/tags?post=18238"}],"curies":[{"name":"wp","href":"https:\/\/api.w.org\/{rel}","templated":true}]}}