{"id":18235,"date":"2025-08-13T09:59:24","date_gmt":"2025-08-13T13:59:24","guid":{"rendered":"https:\/\/samantharadionline.com\/?p=18235"},"modified":"2025-08-13T09:59:25","modified_gmt":"2025-08-13T13:59:25","slug":"la-tormenta-tropical-erin-podria-convertirse-en-huracan","status":"publish","type":"post","link":"https:\/\/samantharadionline.com\/index.php\/2025\/08\/13\/la-tormenta-tropical-erin-podria-convertirse-en-huracan\/","title":{"rendered":"La tormenta tropical Erin podr\u00eda convertirse en hurac\u00e1n"},"content":{"rendered":"\n<p class=\"has-medium-font-size\"><em>\u00a0Indomet espera un incremento en las precipitaciones despu\u00e9s del medio d\u00eda.<\/em><\/p>\n\n\n\n<p><br>R.L.D., <strong>Santo Domingo, R.D.<\/strong><\/p>\n\n\n\n<p>El&nbsp;<strong>Instituto Dominicano de Meteorolog\u00eda<\/strong>&nbsp;(<strong>Indomet<\/strong>) inform\u00f3 que la<strong>&nbsp;tormenta tropical Erin<\/strong>&nbsp;posee probabilidades de convertirse en&nbsp;<strong>hurac\u00e1n&nbsp;<\/strong>en las pr\u00f3ximas 48 horas.<\/p>\n\n\n\n<p>Detall\u00f3 que esta se ubica a unos 2225 km al este de las&nbsp;<strong>Antillas Menores<\/strong>&nbsp;y se desplaza al oeste a unos 35 km\/h, se espera que mantenga este movimiento, con un descenso gradual en su velocidad de traslaci\u00f3n, durante los pr\u00f3ximos d\u00edas.<\/p>\n\n\n\n<p>Posee vientos m\u00e1ximos sostenidos de 75 km\/h con r\u00e1fagas superiores y se prev\u00e9 un fortalecimiento gradual durante los d\u00edas siguientes.<\/p>\n\n\n\n<p>La entidad dijo que est\u00e1n monitoreando constantemente la evoluci\u00f3n y trayectoria de Erin y exhort\u00f3 a la poblaci\u00f3n a estar atentos a sus actualizaciones.<\/p>\n\n\n\n<p>Para este mi\u00e9rcoles, durante las horas matutinas, en gran parte del pa\u00eds se observar\u00e1 un cielo principalmente soleado y ligeramente gris, por bajas concentraciones de part\u00edculas de&nbsp;<strong>polvo sahariano<\/strong>.<\/p>\n\n\n\n<p>Dijo que solo se esperan algunas lluvias pasajeras sobre La Altagracia, El Seibo, Hato Mayor, Saman\u00e1 y Monte Plata.<\/p>\n\n\n\n<p>Luego del mediod\u00eda, Indomet espera un incremento en las precipitaciones, pronostic\u00e1ndose la ocurrencia de aguaceros locales moderados a fuertes con tormentas el\u00e9ctricas y r\u00e1fagas de viento, en San Pedro de Macor\u00eds, Santo Domingo, La Vega, Azua, San Jos\u00e9 de Ocoa, San Juan, El\u00edas Pi\u00f1a, Dajab\u00f3n, Baoruco, entre otras provincias aleda\u00f1as, debido a la incidencia de la vaguada en los niveles altos de la troposfera.<\/p>\n\n\n\n<h3 class=\"wp-block-heading\">Actividad cicl\u00f3nica en la cuenca del Atl\u00e1ntico, Caribe y Mar Caribe<\/h3>\n\n\n\n<p>Indomet inform\u00f3 sobre un disturbio #1 asociado a una onda tropical, ubicado entre el este de Honduras y la parte noreste de Nicaragua, esta zona posee una amplia \u00e1rea de aguaceros y tormentas desorganizadas, y contiene un 10 % de probabilidad para convertirse en cicl\u00f3n tropical en 48 horas y 20 % a 7 d\u00edas.<\/p>\n\n\n\n<p>Adem\u00e1s, dijo que hay una zona de aguaceros y tormentas el\u00e9ctricas desorganizada, asociada a un \u00e1rea de baja presi\u00f3n no tropical (disturbio #2), que se encuentra a cientos de kil\u00f3metros al suroeste de Nueva Escocia, Canad\u00e1. Presenta a\u00fan probabilidad de 10 % de formaci\u00f3n cicl\u00f3nica en 48 horas.<\/p>\n","protected":false},"excerpt":{"rendered":"<p>\u00a0Indomet espera un incremento en las precipitaciones despu\u00e9s del medio d\u00eda. R.L.D., Santo Domingo, R.D.<\/p>\n","protected":false},"author":1,"featured_media":18236,"comment_status":"open","ping_status":"open","sticky":false,"template":"","format":"standard","meta":{"footnotes":""},"categories":[12],"tags":[],"class_list":["post-18235","post","type-post","status-publish","format-standard","has-post-thumbnail","hentry","category-nacionales"],"_links":{"self":[{"href":"https:\/\/samantharadionline.com\/index.php\/wp-json\/wp\/v2\/posts\/18235","targetHints":{"allow":["GET"]}}],"collection":[{"href":"https:\/\/samantharadionline.com\/index.php\/wp-json\/wp\/v2\/posts"}],"about":[{"href":"https:\/\/samantharadionline.com\/index.php\/wp-json\/wp\/v2\/types\/post"}],"author":[{"embeddable":true,"href":"https:\/\/samantharadionline.com\/index.php\/wp-json\/wp\/v2\/users\/1"}],"replies":[{"embeddable":true,"href":"https:\/\/samantharadionline.com\/index.php\/wp-json\/wp\/v2\/comments?post=18235"}],"version-history":[{"count":1,"href":"https:\/\/samantharadionline.com\/index.php\/wp-json\/wp\/v2\/posts\/18235\/revisions"}],"predecessor-version":[{"id":18237,"href":"https:\/\/samantharadionline.com\/index.php\/wp-json\/wp\/v2\/posts\/18235\/revisions\/18237"}],"wp:featuredmedia":[{"embeddable":true,"href":"https:\/\/samantharadionline.com\/index.php\/wp-json\/wp\/v2\/media\/18236"}],"wp:attachment":[{"href":"https:\/\/samantharadionline.com\/index.php\/wp-json\/wp\/v2\/media?parent=18235"}],"wp:term":[{"taxonomy":"category","embeddable":true,"href":"https:\/\/samantharadionline.com\/index.php\/wp-json\/wp\/v2\/categories?post=18235"},{"taxonomy":"post_tag","embeddable":true,"href":"https:\/\/samantharadionline.com\/index.php\/wp-json\/wp\/v2\/tags?post=18235"}],"curies":[{"name":"wp","href":"https:\/\/api.w.org\/{rel}","templated":true}]}}