{"id":18227,"date":"2025-08-12T22:21:01","date_gmt":"2025-08-13T02:21:01","guid":{"rendered":"https:\/\/samantharadionline.com\/?p=18227"},"modified":"2025-08-12T22:21:02","modified_gmt":"2025-08-13T02:21:02","slug":"posibles-efectos-de-erin-se-sentirian-sobre-rd-este-fin-de-semana","status":"publish","type":"post","link":"https:\/\/samantharadionline.com\/index.php\/2025\/08\/12\/posibles-efectos-de-erin-se-sentirian-sobre-rd-este-fin-de-semana\/","title":{"rendered":"Posibles efectos de Er\u00edn se sentir\u00edan sobre RD este fin de semana"},"content":{"rendered":"\n<p class=\"has-medium-font-size\">El NHC inform\u00f3 que este es un momento oportuno para asegurar que las personas revisen y tengan listos sus planes de preparaci\u00f3n.<\/p>\n\n\n\n<figure class=\"wp-block-image\"><img decoding=\"async\" src=\"https:\/\/listindiario.com\/files\/image_60_60\/uploads\/2025\/01\/21\/678fb9bbee568.png\" alt=\"Avatar del Yeil\u00edn Pe\u00f1a\"\/><\/figure>\n\n\n\n<p><em>\u00a0<\/em>Yeil\u00edn Pe\u00f1a, <strong>Santo Domingo, RD.<\/strong><\/p>\n\n\n\n<p>Aunque a\u00fan se desconoce cual ser\u00eda la magnitud, los posibles efectos de la tormenta Er\u00edn se sentir\u00edan sobre Rep\u00fablica Dominicana durante el fin de semana.&nbsp;<\/p>\n\n\n\n<p>De acuerdo con el&nbsp;<strong>informe de las 5:00 de la tarde<\/strong>&nbsp;del&nbsp;<strong>Centro Nacional de Huracanes<\/strong>&nbsp;(NHC, en ingl\u00e9s) de este martes, la&nbsp;<strong>tormenta&nbsp;<\/strong>podr\u00eda acercarse lo suficiente al norte de las Islas de Sotavento, las Islas V\u00edrgenes y&nbsp;<strong>Puerto Rico<\/strong>&nbsp;durante el fin de semana como para producir algunos impactos en esas islas.<\/p>\n\n\n\n<p>Sin embargo, a\u00fan se desconoce la magnitud de esos impactos, y los interesados all\u00ed deben continuar monitoreando el progreso de esta tormenta.<\/p>\n\n\n\n<p>El informe se\u00f1ala que existe \u00abuna incertidumbre\u00bb a\u00fan mayor sobre los impactos que podr\u00edan ocurrir en&nbsp;<strong>Cuba, Rep\u00fablica Dominicana, Hait\u00ed, Jamaica y Puerto Rico<\/strong>, las Bahamas, la costa este de los Estados Unidos y las Bermudas la pr\u00f3xima semana.<\/p>\n\n\n\n<p>El NHC indica que, a medida que se acerca el pico climatol\u00f3gico de la temporada de huracanes, este es un momento oportuno para asegurar que las personas revisen y tengan listos sus planes de preparaci\u00f3n.<\/p>\n","protected":false},"excerpt":{"rendered":"<p>El NHC inform\u00f3 que este es un momento oportuno para asegurar que las personas revisen<\/p>\n","protected":false},"author":1,"featured_media":18228,"comment_status":"open","ping_status":"open","sticky":false,"template":"","format":"standard","meta":{"footnotes":""},"categories":[12],"tags":[],"class_list":["post-18227","post","type-post","status-publish","format-standard","has-post-thumbnail","hentry","category-nacionales"],"_links":{"self":[{"href":"https:\/\/samantharadionline.com\/index.php\/wp-json\/wp\/v2\/posts\/18227","targetHints":{"allow":["GET"]}}],"collection":[{"href":"https:\/\/samantharadionline.com\/index.php\/wp-json\/wp\/v2\/posts"}],"about":[{"href":"https:\/\/samantharadionline.com\/index.php\/wp-json\/wp\/v2\/types\/post"}],"author":[{"embeddable":true,"href":"https:\/\/samantharadionline.com\/index.php\/wp-json\/wp\/v2\/users\/1"}],"replies":[{"embeddable":true,"href":"https:\/\/samantharadionline.com\/index.php\/wp-json\/wp\/v2\/comments?post=18227"}],"version-history":[{"count":1,"href":"https:\/\/samantharadionline.com\/index.php\/wp-json\/wp\/v2\/posts\/18227\/revisions"}],"predecessor-version":[{"id":18231,"href":"https:\/\/samantharadionline.com\/index.php\/wp-json\/wp\/v2\/posts\/18227\/revisions\/18231"}],"wp:featuredmedia":[{"embeddable":true,"href":"https:\/\/samantharadionline.com\/index.php\/wp-json\/wp\/v2\/media\/18228"}],"wp:attachment":[{"href":"https:\/\/samantharadionline.com\/index.php\/wp-json\/wp\/v2\/media?parent=18227"}],"wp:term":[{"taxonomy":"category","embeddable":true,"href":"https:\/\/samantharadionline.com\/index.php\/wp-json\/wp\/v2\/categories?post=18227"},{"taxonomy":"post_tag","embeddable":true,"href":"https:\/\/samantharadionline.com\/index.php\/wp-json\/wp\/v2\/tags?post=18227"}],"curies":[{"name":"wp","href":"https:\/\/api.w.org\/{rel}","templated":true}]}}