{"id":18223,"date":"2025-08-12T22:12:32","date_gmt":"2025-08-13T02:12:32","guid":{"rendered":"https:\/\/samantharadionline.com\/?p=18223"},"modified":"2025-08-12T22:20:28","modified_gmt":"2025-08-13T02:20:28","slug":"fallece-antonio-isa-conde-exministro-de-energia-y-minas","status":"publish","type":"post","link":"https:\/\/samantharadionline.com\/index.php\/2025\/08\/12\/fallece-antonio-isa-conde-exministro-de-energia-y-minas\/","title":{"rendered":"Exministro de Energ\u00eda y Minas Fallece"},"content":{"rendered":"\n<p class=\"has-medium-font-size\"><em> Antonio Isa Conde,<\/em> <em> falleci\u00f3 en la ciudad de Miami, donde recib\u00eda atenciones de salud.<\/em><\/p>\n\n\n\n<p>L.D., <strong>Santo Domingo, RD<\/strong><\/p>\n\n\n\n<p>El exministro de Energ\u00eda y Minas, Antonio Isa Conde, falleci\u00f3 este martes a los 88 a\u00f1os de edad, seg\u00fan lo confirmaron sus familiares a trav\u00e9s de un comunicado de prensa.<\/p>\n\n\n\n<p>Isa Conde falleci\u00f3 en la ciudad de Miami, donde recib\u00eda atenciones de salud.<\/p>\n\n\n\n<p>El exfuncionario, nacido el 14 de marzo de 1940 en San Francisco de Macor\u00eds, se gradu\u00f3 de doctor en Derecho en la Universidad Aut\u00f3noma de Santo Domingo (UASD), y realiz\u00f3 una especialidad en Administraci\u00f3n, Econom\u00eda, Banca y Desarrollo Econ\u00f3mico, en Roma, Italia; ocup\u00f3 las funciones de subsecretario de Industria y Comercio, presidente de la Comisi\u00f3n de Reforma de la Empresa P\u00fablica (CREP), director del Consejo Estatal del Az\u00facar (CEA), y ministro de Energ\u00eda y Minas, este \u00faltimo de 2015 a 2020; adem\u00e1s, fue gerente general de Delta Comercial, administrador de Textiles Tit\u00e1n, alto ejecutivo de Ferquido y presidente de la Asociaci\u00f3n de Empresas Industriales de Herrera.<\/p>\n\n\n\n<p>Isa conde tambi\u00e9n fue fundador de la Federaci\u00f3n de Estudiantes Dominicanos (FED) y miembro del Consejo Provisional Universitario de la UASD que expuls\u00f3 a profesores comprometidos con la tiran\u00eda de Trujillo; por igual, fue combatiente en la Revoluci\u00f3n de Abril de 1965 desde el Comando de la calle Espaillat 55, uno de los primeros en ser organizados al estallar la guerra, del que fueron parte personalidades como Norge Botello y el poeta Jacques Viau Renaud.<\/p>\n\n\n\n<p>Isa Conde, hijo de la ingeniera arquitecta Mercedes Conde Pausas y de Aris Isa D\u00e1jer, plasm\u00f3 los episodios m\u00e1s importantes de su existencia en el libro \u201cRelatos de la vida de un desmemoriado\u201d, que recoge aspectos familiares, profesionales, pol\u00edticos y asuntos de Estado en los que particip\u00f3, que tiene una primera edici\u00f3n de 2015 y una segunda ampliada de 2021.<\/p>\n\n\n\n<p>\u201cCumpliendo su deseo, no se realizar\u00e1n honras f\u00fanebres. M\u00e1s adelante sus cenizas ser\u00e1n diseminadas en el mismo lugar donde se esparcieron las de su amada esposa, Marcia Nadal, bajo la sombra de dos ceibas rodeadas de ramas de bamb\u00fa\u201d, rese\u00f1a el comunicado de prensa.&nbsp;<\/p>\n","protected":false},"excerpt":{"rendered":"<p>Antonio Isa Conde, falleci\u00f3 en la ciudad de Miami, donde recib\u00eda atenciones de salud. L.D.,<\/p>\n","protected":false},"author":1,"featured_media":18224,"comment_status":"open","ping_status":"open","sticky":false,"template":"","format":"standard","meta":{"footnotes":""},"categories":[12],"tags":[],"class_list":["post-18223","post","type-post","status-publish","format-standard","has-post-thumbnail","hentry","category-nacionales"],"_links":{"self":[{"href":"https:\/\/samantharadionline.com\/index.php\/wp-json\/wp\/v2\/posts\/18223","targetHints":{"allow":["GET"]}}],"collection":[{"href":"https:\/\/samantharadionline.com\/index.php\/wp-json\/wp\/v2\/posts"}],"about":[{"href":"https:\/\/samantharadionline.com\/index.php\/wp-json\/wp\/v2\/types\/post"}],"author":[{"embeddable":true,"href":"https:\/\/samantharadionline.com\/index.php\/wp-json\/wp\/v2\/users\/1"}],"replies":[{"embeddable":true,"href":"https:\/\/samantharadionline.com\/index.php\/wp-json\/wp\/v2\/comments?post=18223"}],"version-history":[{"count":2,"href":"https:\/\/samantharadionline.com\/index.php\/wp-json\/wp\/v2\/posts\/18223\/revisions"}],"predecessor-version":[{"id":18230,"href":"https:\/\/samantharadionline.com\/index.php\/wp-json\/wp\/v2\/posts\/18223\/revisions\/18230"}],"wp:featuredmedia":[{"embeddable":true,"href":"https:\/\/samantharadionline.com\/index.php\/wp-json\/wp\/v2\/media\/18224"}],"wp:attachment":[{"href":"https:\/\/samantharadionline.com\/index.php\/wp-json\/wp\/v2\/media?parent=18223"}],"wp:term":[{"taxonomy":"category","embeddable":true,"href":"https:\/\/samantharadionline.com\/index.php\/wp-json\/wp\/v2\/categories?post=18223"},{"taxonomy":"post_tag","embeddable":true,"href":"https:\/\/samantharadionline.com\/index.php\/wp-json\/wp\/v2\/tags?post=18223"}],"curies":[{"name":"wp","href":"https:\/\/api.w.org\/{rel}","templated":true}]}}