{"id":18209,"date":"2025-08-12T14:52:10","date_gmt":"2025-08-12T18:52:10","guid":{"rendered":"https:\/\/samantharadionline.com\/?p=18209"},"modified":"2025-08-12T14:57:54","modified_gmt":"2025-08-12T18:57:54","slug":"quien-fue-el-senador-y-precandidato-presidencial-miguel-uribe-turbay","status":"publish","type":"post","link":"https:\/\/samantharadionline.com\/index.php\/2025\/08\/12\/quien-fue-el-senador-y-precandidato-presidencial-miguel-uribe-turbay\/","title":{"rendered":"Miguel Uribe Turbay senador y precandidato presidencial"},"content":{"rendered":"\n<p class=\"has-medium-font-size\"><em>Su ni\u00f1ez la vivi\u00f3 al lado de su pap\u00e1, Miguel Uribe Londo\u00f1o, que en esos primeros a\u00f1os trat\u00f3 de cumplir las tareas de padre y de madre.<\/em><\/p>\n\n\n\n<p><br>El Tiempo | GDA, <strong>Bogot\u00e1, Colombia<\/strong><\/p>\n\n\n\n<p>Algunos d\u00edas, cuando era adolescente,&nbsp;<strong>Miguel Uribe<\/strong>&nbsp;Turbay pasaba cinco, seis, siete horas frente a un&nbsp;<strong>tablero de ajedrez.<\/strong>&nbsp;Estudiaba jugadas, escog\u00eda los mejores movimientos. No se iba a dormir antes de que el problema que ten\u00eda frente a \u00e9l no estuviera resuelto. Ese fue su primer sue\u00f1o: ser ajedrecista profesional.<\/p>\n\n\n\n<p>Junto a unos amigos, y apoyado por su familia, cre\u00f3 una fundaci\u00f3n en la que se dedicaba a ense\u00f1arles el juego a ni\u00f1os v\u00edctimas de la violencia. Ah\u00ed se dio cuenta de que una acci\u00f3n directa en la sociedad ten\u00eda m\u00e1s poder de transformaci\u00f3n. Y su sue\u00f1o cambi\u00f3: se orient\u00f3 a la pol\u00edtica.&nbsp;<\/p>\n\n\n\n<p>Sin embargo, el pensamiento l\u00f3gico, la memoria infinita, la disciplina, todo lo que le sembr\u00f3 el ajedrez, lo acompa\u00f1\u00f3 siempre.<\/p>\n\n\n\n<p>Naci\u00f3 el 28 de enero de 1986.&nbsp;<strong>Ten\u00eda cuatro a\u00f1os cuando le dio el \u00faltimo beso a su madre.<\/strong>&nbsp;Ella, la periodista&nbsp;<strong>Diana Turbay Quintero<\/strong>, se despidi\u00f3 con un abrazo fuerte y sali\u00f3 de su casa creyendo que iba a hacer una entrevista que podr\u00eda ayudar a que los procesos de paz avanzaran en el pa\u00eds.&nbsp;<\/p>\n\n\n\n<p>Era una trampa: termin\u00f3 secuestrada por el&nbsp;<strong>narcotraficante Pablo Escobar<\/strong>. Fue asesinada.<\/p>\n\n\n\n<p><strong>Miguel Uribe&nbsp;<\/strong>creci\u00f3 sin ella, pero con su inspiraci\u00f3n. \u201cMi madre dio su vida por una causa. Y su causa se volvi\u00f3 mi prop\u00f3sito: lograr un pa\u00eds sin violencia\u201d, dijo en una ocasi\u00f3n el senador y precandidato presidencial, que muri\u00f3 despu\u00e9s de dos meses de luchar por su vida, tras ser v\u00edctima de un atentado.<\/p>\n\n\n\n<p>La huella de su madre fue tan fuerte, que decidi\u00f3 lanzar su \u00faltima campa\u00f1a en&nbsp;<strong>Copacabana<\/strong>, Antioquia, donde la mataron. \u201cEl lugar en el que todo empez\u00f3 para m\u00ed\u201d, dijo. Eligi\u00f3 como lema: \u201cVuelve la seguridad\u201d.<\/p>\n\n\n\n<p>Su ni\u00f1ez la vivi\u00f3 al lado de su pap\u00e1, Miguel Uribe Londo\u00f1o, que en esos primeros a\u00f1os trat\u00f3 de cumplir las tareas de padre y de madre. Los dos se volvieron un t\u00e1ndem a prueba de todo. En las tardes, cuando llegaba del<strong>&nbsp;Colegio Los Nogales<\/strong>&nbsp;\u2014donde curs\u00f3 todos sus a\u00f1os escolares\u2014, se sentaba a tocar piano.<\/p>\n\n\n\n<p>Su padre ten\u00eda un peque\u00f1o Yamaha y quiso que su hijo aprendiera a interpretar obras cl\u00e1sicas. Desde ese momento la m\u00fasica se convirti\u00f3 para \u00e9l en una presencia constante.&nbsp;<\/p>\n\n\n\n<p>Despu\u00e9s del piano, Uribe sigui\u00f3 con la guitarra, con algo de violonchelo y, en a\u00f1os m\u00e1s recientes, con el acorde\u00f3n. Le gustaba el vallenato y su esposa,&nbsp;<strong>Mar\u00eda Claudia Tarazona<\/strong>, le dio uno como regalo en Navidad. Estaba aprendiendo a tocarlo, siguiendo con juicio tutoriales de YouTube.<\/p>\n\n\n\n<p>Despu\u00e9s de graduarse del colegio, entr\u00f3 a la Universidad de los Andes a estudiar Derecho y luego hizo una maestr\u00eda en Pol\u00edticas P\u00fablicas. A los 25 a\u00f1os pens\u00f3 que, si en realidad quer\u00eda una vida dedicada a la pol\u00edtica, era momento de empezar. Su abuelo materno era el expresidente&nbsp;<strong>Julio C\u00e9sar Turbay Ayala<\/strong>. As\u00ed que ten\u00eda claro que muchos iban a verlo solo como \u201cel nieto de\u201d. Durante un buen tiempo, de hecho, le llovieron ataques que ven\u00edan de detractores del exmandatario. \u201cAl final desarroll\u00e9 cuero\u201d, dec\u00eda Uribe.<\/p>\n\n\n\n<p><strong>Lea tambi\u00e9n<\/strong><\/p>\n\n\n\n<p>Sin embargo, \u00e9l mismo cont\u00f3 que la gran influencia no le hab\u00eda venido de su abuelo \u2014lo ve\u00eda poco porque resid\u00eda en el exterior y muri\u00f3 cuando \u00e9l ten\u00eda 20 a\u00f1os\u2014, sino de su abuela:&nbsp;<strong>Nydia Quintero<\/strong>.&nbsp;<\/p>\n\n\n\n<p>Con ella vivi\u00f3 etapas de su adolescencia y pudo ver de cerca el trabajo que cumpl\u00eda con la fundaci\u00f3n que cre\u00f3 en los ochenta y que ha sido fundamental en el pa\u00eds: Solidaridad por Colombia. Uribe la acompa\u00f1aba en muchas de sus jornadas con la comunidad.&nbsp;<\/p>\n\n\n\n<p>\u201cEso me gener\u00f3 una sensibilidad diferente \u2014cont\u00f3 en una entrevista con la revista Bocas\u2014. Ah\u00ed fue cuando decid\u00ed entregar mi vida a la vocaci\u00f3n social\u201d.<\/p>\n\n\n\n<p>Su abuela, que muri\u00f3 en junio pasado a los 94 a\u00f1os, le ense\u00f1\u00f3 otra cosa tambi\u00e9n muy importante: la importancia del perd\u00f3n. Luego de haberse \u201cpeleado con Dios\u201d y de cargar sobre sus hombros la rabia contra los asesinos de su madre, Uribe decidi\u00f3 perdonar. \u201cNada pod\u00eda devolverme a mi mam\u00e1. En cambio, esta nueva forma de pensar y ver las cosas me iba a enriquecer como persona\u201d, dijo.<\/p>\n\n\n\n<p>Su primer paso en pol\u00edtica fue buscar una curul en el Concejo de Bogot\u00e1. Era 2011.<strong>&nbsp;Sim\u00f3n Gaviria,<\/strong>&nbsp;en ese momento cabeza del Partido Liberal, hab\u00eda conocido a Uribe en unas tertulias universitarias en las que se debat\u00edan temas del pa\u00eds. Qued\u00f3 sorprendido con sus capacidades. \u201cMiguel ten\u00eda una energ\u00eda positiva radiante, nunca se desvanec\u00eda \u2014dice Gaviria\u2014. Su carisma, su liderazgo, su perseverancia, me hicieron pensar que iba a ser exitoso en la pol\u00edtica\u201d. Le propuso ser candidato por el liberalismo y comenzaron a recorrer los barrios de la ciudad.<\/p>\n\n\n\n<p>Uribe lleg\u00f3 al Concejo con diecinueve mil votos. Muchos se imaginaron que un muchacho de 25 a\u00f1os iba a tomarse ese cargo a la ligera. Lo contrario: no solo fue elegido como \u201cconcejal revelaci\u00f3n\u201d, sino que lleg\u00f3 a ocupar la presidencia de la corporaci\u00f3n.&nbsp;<\/p>\n\n\n\n<p>En ese momento tambi\u00e9n conoci\u00f3 a la mujer que ser\u00eda compa\u00f1era de ruta:&nbsp;<strong>Mar\u00eda Claudia Tarazona<\/strong>, con quien se cas\u00f3 al finalizar el periodo en la entidad distrital. Desde ese momento ella, sus hijas Mar\u00eda, Emilia e Isabella, y Alejandro, que naci\u00f3 hace cuatro a\u00f1os, se convirtieron en los pilares m\u00e1s importantes de su vida.<\/p>\n\n\n\n<p>En esa primera etapa pol\u00edtica Uribe mostr\u00f3 varias de las caracter\u00edsticas que siguieron destac\u00e1ndolo. Entre ellas la rigurosidad con la que se dedicaba a estudiar cada tema. En el Concejo hizo un fuerte ejercicio de oposici\u00f3n al entonces alcalde de&nbsp;<strong>Bogot\u00e1<\/strong>, Gustavo Petro. En 2016 le lleg\u00f3 el siguiente reto: ser secretario de&nbsp;<strong>Gobierno de la administraci\u00f3n de Enrique Pe\u00f1alosa<\/strong>. La propuesta le lleg\u00f3 cuando \u00e9l ya ten\u00eda planeado irse a estudiar fuera del pa\u00eds.<\/p>\n\n\n\n<p>Sin embargo, Pe\u00f1alosa lo convenci\u00f3 con un argumento contundente: le dijo que aprender\u00eda m\u00e1s en el cargo que le estaba ofreciendo. A punto de cumplir 30 a\u00f1os, se convirti\u00f3 en el funcionario m\u00e1s joven en llegar a esa responsabilidad. \u201cMiguel ten\u00eda una combinaci\u00f3n muy especial que me llam\u00f3 la atenci\u00f3n. Su habilidad inmensa para las relaciones humanas y, al mismo tiempo, su disciplina. Era un trabajador incansable\u201d, dice Pe\u00f1alosa, que lo nombr\u00f3 sin tener en cuenta que no formaba parte de su partido.<\/p>\n\n\n\n<p>En ese periodo lo acompa\u00f1\u00f3 como subsecretario&nbsp;<strong>Iv\u00e1n Casas<\/strong>, que tambi\u00e9n tiene presentes sellos muy particulares de su personalidad: \u201cMiguel era un tipo brillante. Absorb\u00eda la informaci\u00f3n con much\u00edsima facilidad y rapidez. Una sola ojeada a un papel le bastaba para memorizar su contenido y dar un discurso. Creo que era algo que le ven\u00eda de su ejercicio de jugar ajedrez\u201d.<\/p>\n\n\n\n<p>Uribe estuvo tres a\u00f1os en ese cargo. No complet\u00f3 los cuatro porque decidi\u00f3 aspirar a la&nbsp;<strong>Alcald\u00eda<\/strong>. Con el movimiento ciudadano Avancemos, se puso a recoger firmas y se lanz\u00f3 con el entusiasmo de siempre. Durante esa campa\u00f1a logr\u00f3 apoyos de diferentes partidos y organizaciones que lo vieron como una buena opci\u00f3n. Algo que demuestra un aspecto que, seg\u00fan Casas, tambi\u00e9n era propio de su car\u00e1cter: \u201cMiguel era una persona que sumaba. Lograba convocar distintos sectores del espectro ideol\u00f3gico.<\/p>\n\n\n\n<p>Al final se le vio solo como parte del entorno uribista, pero \u00e9l abarcaba mucho m\u00e1s\u201d. En ese 2019 los votos no le alcanzaron para convertirse en alcalde de la capital. Una derrota semejante podr\u00eda hacerles bajar los brazos a muchas personas. En su caso no fue as\u00ed. El&nbsp;<strong>concejal Andr\u00e9s Barrios<\/strong>, que comparti\u00f3 con \u00e9l ese periodo y lo apoy\u00f3 en el trabajo diario de la campa\u00f1a, recuerda la reacci\u00f3n de Uribe cuando supo que no hab\u00eda ganado: \u201cMe dio un abrazo y me dijo que ten\u00edamos que tomarlo como ense\u00f1anza. Aprender de lo que hab\u00eda pasado y seguir\u201d.<\/p>\n\n\n\n<p>Miguel era una persona que sumaba. Lograba convocar distintos sectores del espectro ideol\u00f3gico<\/p>\n\n\n\n<p>Y seguir. Rendirse o detenerse no eran opciones para \u00e9l. De hecho, a lo largo de su vida \u2014desafortunadamente corta, 39 a\u00f1os\u2014,&nbsp;<strong>Uribe dio muestras de que no le gustaba estar en la zona de confort<\/strong>. Buscaba retos de forma continua. \u201cUn d\u00eda le pregunt\u00e9 por qu\u00e9 hac\u00eda lo que hac\u00eda, si ten\u00eda la posibilidad de una vida m\u00e1s tranquila, teniendo en cuenta todo lo que le toc\u00f3 vivir por la muerte de su madre\u201d, recuerda Julio C\u00e9sar Acosta, que comparti\u00f3 con \u00e9l curul en el Concejo y desde entonces se volvieron buenos amigos. \u201cMe contest\u00f3 que lo hac\u00eda porque quer\u00eda ayudar a cambiar este pa\u00eds\u201d. Era su convicci\u00f3n.<\/p>\n\n\n\n<p><strong>Lea tambi\u00e9n<\/strong><\/p>\n\n\n\n<p>Su siguiente desaf\u00edo fue doble: inici\u00f3 una maestr\u00eda en&nbsp;<strong>Administraci\u00f3n P\u00fablica en Harvard&nbsp;<\/strong>(que hizo primero de manera virtual y acab\u00f3 presencial) y comenz\u00f3 su campa\u00f1a para llegar al Senado. Acosta lleg\u00f3 a advertirle que iba a ser imposible cumplir con las dos actividades. Pero Uribe no prest\u00f3 atenci\u00f3n. Estaba acostumbrado a hacer, no a quedarse en intenciones. As\u00ed tuviera que doblar o triplicar los esfuerzos. \u201cMiguel era muy intenso en lo que hac\u00eda. Como amigo, como estudiante, como funcionario.<\/p>\n\n\n\n<p>Pod\u00eda tener una cena de trabajo hasta tarde y al d\u00eda siguiente estar de pie a las cuatro de la ma\u00f1ana para iniciar la jornada. Solo trataba de parar los domingos, para estar con su familia\u201d, dice Acosta, que recuerda otra marca de su personalidad: los buenos amigos de Uribe no eran de su edad. Todos eran mayores. \u201cYo lo trataba como a un hermano menor\u201d, afirma.<\/p>\n\n\n\n<p>Con esa energ\u00eda que parec\u00eda no agotarse, consigui\u00f3 las dos cosas: sacar adelante la&nbsp;<strong>maestr\u00eda&nbsp;<\/strong>y salir elegido como senador, en 2022, con la votaci\u00f3n m\u00e1s alta a nivel nacional. Al Congreso lleg\u00f3 como cabeza de lista del&nbsp;<strong>Centro Democr\u00e1tico<\/strong>.<\/p>\n\n\n\n<p>Si bien Uribe hab\u00eda empezado su carrera pol\u00edtica en el Partido Liberal y luego represent\u00f3 movimientos independientes, termin\u00f3 por acercarse al partido de \u00c1lvaro Uribe V\u00e9lez porque consideraba que era el lugar para una persona como \u00e9l, \u201cfirme pero no radical\u201d, seg\u00fan afirm\u00f3.&nbsp;<\/p>\n\n\n\n<p>La visi\u00f3n de seguridad democr\u00e1tica coincid\u00eda con su manera de pensar. En poco tiempo, con su carisma y su disciplina, se convirti\u00f3 en una de las figuras del uribismo y sin duda era el que m\u00e1s proyecci\u00f3n ten\u00eda para una&nbsp;<strong>carrera presidencial.<\/strong>&nbsp;Por eso decidi\u00f3 lanzarse como precandidato. Los \u00faltimos meses de su vida los dedic\u00f3 a exponer sus propuestas en diferentes lugares del pa\u00eds. En casi todos sus discursos inclu\u00eda esta frase:<\/p>\n\n\n\n<p>\u2014No negocio principios ni convicciones.<\/p>\n\n\n\n<p>Miguel Uribe Turbay no era de medias tintas. Al mismo tiempo que exig\u00eda cumplimiento entre su equipo, era amable en el trato. \u201cEra una persona alegre. Siempre, a pesar de las adversidades, ten\u00eda una sonrisa\u201d, dice la representante a la<strong>&nbsp;C\u00e1mara Carolina Arbel\u00e1ez<\/strong>, que tuvo con \u00e9l una amistad de muchos a\u00f1os. Quienes lo conocieron de cerca van a extra\u00f1ar sobre todo su forma de ser.<\/p>\n\n\n\n<p>Su entusiasmo, su curiosidad. Echar\u00e1n de menos verlo en una reuni\u00f3n con la guitarra en mano, cantando algunos de los versos que le compuso a su esposa. Queda como su firma la decisi\u00f3n con la que asumi\u00f3 un camino, habiendo tenido la posibilidad de tomar uno distinto.<\/p>\n\n\n\n<p>\u00c9l mismo lo dijo:<\/p>\n\n\n\n<p>\u2014Pude elegir otro rumbo, pero opt\u00e9 por transformar vidas mediante el servicio p\u00fablico. Pude haber crecido buscando venganza, pero decid\u00ed hacer lo correcto: perdonar\u201d.<\/p>\n","protected":false},"excerpt":{"rendered":"<p>Su ni\u00f1ez la vivi\u00f3 al lado de su pap\u00e1, Miguel Uribe Londo\u00f1o, que en esos<\/p>\n","protected":false},"author":1,"featured_media":18210,"comment_status":"open","ping_status":"open","sticky":false,"template":"","format":"standard","meta":{"footnotes":""},"categories":[4],"tags":[],"class_list":["post-18209","post","type-post","status-publish","format-standard","has-post-thumbnail","hentry","category-mundiales"],"_links":{"self":[{"href":"https:\/\/samantharadionline.com\/index.php\/wp-json\/wp\/v2\/posts\/18209","targetHints":{"allow":["GET"]}}],"collection":[{"href":"https:\/\/samantharadionline.com\/index.php\/wp-json\/wp\/v2\/posts"}],"about":[{"href":"https:\/\/samantharadionline.com\/index.php\/wp-json\/wp\/v2\/types\/post"}],"author":[{"embeddable":true,"href":"https:\/\/samantharadionline.com\/index.php\/wp-json\/wp\/v2\/users\/1"}],"replies":[{"embeddable":true,"href":"https:\/\/samantharadionline.com\/index.php\/wp-json\/wp\/v2\/comments?post=18209"}],"version-history":[{"count":2,"href":"https:\/\/samantharadionline.com\/index.php\/wp-json\/wp\/v2\/posts\/18209\/revisions"}],"predecessor-version":[{"id":18215,"href":"https:\/\/samantharadionline.com\/index.php\/wp-json\/wp\/v2\/posts\/18209\/revisions\/18215"}],"wp:featuredmedia":[{"embeddable":true,"href":"https:\/\/samantharadionline.com\/index.php\/wp-json\/wp\/v2\/media\/18210"}],"wp:attachment":[{"href":"https:\/\/samantharadionline.com\/index.php\/wp-json\/wp\/v2\/media?parent=18209"}],"wp:term":[{"taxonomy":"category","embeddable":true,"href":"https:\/\/samantharadionline.com\/index.php\/wp-json\/wp\/v2\/categories?post=18209"},{"taxonomy":"post_tag","embeddable":true,"href":"https:\/\/samantharadionline.com\/index.php\/wp-json\/wp\/v2\/tags?post=18209"}],"curies":[{"name":"wp","href":"https:\/\/api.w.org\/{rel}","templated":true}]}}