{"id":18197,"date":"2025-08-12T10:10:42","date_gmt":"2025-08-12T14:10:42","guid":{"rendered":"https:\/\/samantharadionline.com\/?p=18197"},"modified":"2025-08-12T10:15:15","modified_gmt":"2025-08-12T14:15:15","slug":"chris-duarte-no-jugara-mas-con-bayamon-en-la-serie-final-del-baloncesto-de-puerto-rico","status":"publish","type":"post","link":"https:\/\/samantharadionline.com\/index.php\/2025\/08\/12\/chris-duarte-no-jugara-mas-con-bayamon-en-la-serie-final-del-baloncesto-de-puerto-rico\/","title":{"rendered":"Chris Duarte no jugar\u00e1 m\u00e1s con Bayam\u00f3n en la serie final del baloncesto de Puerto Rico"},"content":{"rendered":"\n<p class=\"has-medium-font-size\"><em>El valioso importado de los Vaqueros se lastim\u00f3 la espalda en el primer juego de la serie contra los Leones de Ponce<\/em><\/p>\n\n\n\n<p>El nuevo d\u00eda\/GDA<\/p>\n\n\n\n<p>Los&nbsp;<strong>Vaqueros de Bayam\u00f3n<\/strong>&nbsp;sufrieron el mi\u00e9rcoles una dura baja al anunciar la salida del valioso alero&nbsp;<strong>Chris Duarte<\/strong>&nbsp;por el resto de la gran final del&nbsp;<strong>Baloncesto Superior Nacional<\/strong>&nbsp;(BSN).<\/p>\n\n\n\n<p>El dominicano encest\u00f3 14 puntos con seis rebotes y dos asistencias en 27 minutos. Se ausent\u00f3 para el segundo partido del martes en el Auditorio Juan \u201cPach\u00edn\u201d Vicens, donde los<strong>&nbsp;Leones se impusieron<\/strong>&nbsp;90-76 para empatar la final.<\/p>\n\n\n\n<p>Luego del partido, el dirigente&nbsp;<strong>Christian Dalmau<\/strong>&nbsp;inform\u00f3 que el canastero estaba d\u00eda a d\u00eda, sin garant\u00eda para jugar en el tercer compromiso el jueves de vuelta al \u201crancho vaquero\u201d.<\/p>\n\n\n\n<p>\u201c\u00a1Chris es familia!&nbsp;<strong>Se gan\u00f3 el cari\u00f1o de nuestros fan\u00e1ticos&nbsp;<\/strong>y el respeto de sus compa\u00f1eros con su entrega y la pasi\u00f3n que lo caracteriza. Lamentamos mucho que la gran temporada que tuvo, y las grandes memorias que cre\u00f3 vistiendo el uniforme de nuestra franquicia, hayan terminado de esta manera.&nbsp;<strong>Agradecemos todos sus esfuerzos<\/strong>&nbsp;y lo profesional que siempre fue con todos nosotros. Le deseamos una pronta recuperaci\u00f3n y el mayor de los \u00e9xitos con su futuro equipo.<strong>&nbsp;Gracias, Chris<\/strong>\u201d, expres\u00f3 Carlos Arroyo, coapoderado de los Vaqueros, en un comunicado de prensa.<\/p>\n\n\n\n<p><strong>Duarte<a href=\"https:\/\/listindiario.com\/tag\/chris-duarte\">&nbsp;<\/a><\/strong>fue clave para el \u00e9xito de los Vaqueros en 2025, logrando la mejor marca global con 24-10. Promedi\u00f3 19.5 puntos, 4.9 rebotes y 4.1 asistencias en 28 partidos, siendo&nbsp;<strong>finalista al premio de Jugador M\u00e1s Valioso.&nbsp;<\/strong>Hizo adem\u00e1s el equipo ideal de la temporada.<\/p>\n\n\n\n<p>En la postemporada, tuvo medias de 15.9 puntos, 4.2 rebotes y 4.0 asistencias en 12 juegos.<\/p>\n\n\n\n<p>\u201cEstamos confiados en que Duarte tendr\u00e1 una pronta recuperaci\u00f3n.&nbsp;<strong>Estoy agradecido de su compromiso&nbsp;<\/strong>con el equipo y sabemos que esto es solo una pausa. Chris ya tiene sangre vaquera y contaremos con \u00e9l de diferentes maneras por muchos a\u00f1os m\u00e1s. Le deseo el mayor de los \u00e9xitos\u201d, agreg\u00f3, por su parte, Eric Duars, apodero de los Vaqueros.<\/p>\n\n\n\n<p>Duarte firm\u00f3 el mes pasado un pacto de dos a\u00f1os, con una opci\u00f3n para una tercera temporada, con el&nbsp;<strong>Unicaja de M\u00e1laga en la ACB de Espa\u00f1a<\/strong>, que comienza a finales de septiembre.<\/p>\n","protected":false},"excerpt":{"rendered":"<p>El valioso importado de los Vaqueros se lastim\u00f3 la espalda en el primer juego de<\/p>\n","protected":false},"author":1,"featured_media":18198,"comment_status":"open","ping_status":"open","sticky":false,"template":"","format":"standard","meta":{"footnotes":""},"categories":[14],"tags":[],"class_list":["post-18197","post","type-post","status-publish","format-standard","has-post-thumbnail","hentry","category-deportes"],"_links":{"self":[{"href":"https:\/\/samantharadionline.com\/index.php\/wp-json\/wp\/v2\/posts\/18197","targetHints":{"allow":["GET"]}}],"collection":[{"href":"https:\/\/samantharadionline.com\/index.php\/wp-json\/wp\/v2\/posts"}],"about":[{"href":"https:\/\/samantharadionline.com\/index.php\/wp-json\/wp\/v2\/types\/post"}],"author":[{"embeddable":true,"href":"https:\/\/samantharadionline.com\/index.php\/wp-json\/wp\/v2\/users\/1"}],"replies":[{"embeddable":true,"href":"https:\/\/samantharadionline.com\/index.php\/wp-json\/wp\/v2\/comments?post=18197"}],"version-history":[{"count":3,"href":"https:\/\/samantharadionline.com\/index.php\/wp-json\/wp\/v2\/posts\/18197\/revisions"}],"predecessor-version":[{"id":18202,"href":"https:\/\/samantharadionline.com\/index.php\/wp-json\/wp\/v2\/posts\/18197\/revisions\/18202"}],"wp:featuredmedia":[{"embeddable":true,"href":"https:\/\/samantharadionline.com\/index.php\/wp-json\/wp\/v2\/media\/18198"}],"wp:attachment":[{"href":"https:\/\/samantharadionline.com\/index.php\/wp-json\/wp\/v2\/media?parent=18197"}],"wp:term":[{"taxonomy":"category","embeddable":true,"href":"https:\/\/samantharadionline.com\/index.php\/wp-json\/wp\/v2\/categories?post=18197"},{"taxonomy":"post_tag","embeddable":true,"href":"https:\/\/samantharadionline.com\/index.php\/wp-json\/wp\/v2\/tags?post=18197"}],"curies":[{"name":"wp","href":"https:\/\/api.w.org\/{rel}","templated":true}]}}