{"id":18184,"date":"2025-08-12T09:37:21","date_gmt":"2025-08-12T13:37:21","guid":{"rendered":"https:\/\/samantharadionline.com\/?p=18184"},"modified":"2025-08-12T09:41:07","modified_gmt":"2025-08-12T13:41:07","slug":"autoridades-intensificaran-inspecciones-en-bares-y-restaurantes-para-impedir-armas-de-fuego","status":"publish","type":"post","link":"https:\/\/samantharadionline.com\/index.php\/2025\/08\/12\/autoridades-intensificaran-inspecciones-en-bares-y-restaurantes-para-impedir-armas-de-fuego\/","title":{"rendered":"Intensificar\u00e1n  las inspecciones en bares y restaurantes"},"content":{"rendered":"\n<p class=\"has-medium-font-size\"><em>La ministra de Interior y Polic\u00eda, Faride Raful, informa  que la medida tiene que ver con la resoluci\u00f3n de la semana pasada.<\/em><\/p>\n\n\n\n<p>L.D., <strong>Santo Domingo, R.D.<\/strong><\/p>\n\n\n\n<p>El&nbsp;<strong>Ministerio de Interior y Polic\u00eda<\/strong>&nbsp;anunci\u00f3 este lunes que reforzar\u00e1 las inspecciones en bares, discotecas, colmadones, casinos, restaurantes con \u00e1reas de entretenimiento y eventos masivos donde se expendan bebidas alcoh\u00f3licas, para impedir el ingreso de&nbsp;<strong>armas de fuego<\/strong>, sin importar que sean legales o cuenten con licencia.<\/p>\n\n\n\n<p>La ministra de Interior y Polic\u00eda,&nbsp;<strong>Faride Raful<\/strong>, inform\u00f3 en rueda de prensa que la medida tiene que ver con la resoluci\u00f3n 004-2025, emitida la semana pasada.<\/p>\n\n\n\n<p>\u00abLas armas que sean encontradas all\u00ed van a ser llevadas y puestas a disposici\u00f3n del Ministerio P\u00fablico\u00bb, advirti\u00f3 Raful desde la sede de la Polic\u00eda Nacional.<\/p>\n\n\n\n<p>\u00abHay una prohibici\u00f3n, repetimos, de entrar armas de fuego a centros de expendio de&nbsp;<strong>bebidas alcoh\u00f3licas<\/strong>. No importa que sean legales o ilegales, que tengan licencia o no licencia\u00bb, agreg\u00f3.<\/p>\n\n\n\n<p>La funcionaria subray\u00f3 que los due\u00f1os de establecimientos tambi\u00e9n tienen la responsabilidad de impedir la entrada de clientes armados.<\/p>\n\n\n\n<p>Aquellos que incumplan enfrentar\u00e1n sanciones administrativas que podr\u00edan incluir el cierre temporal y, en casos recurrentes, el cierre definitivo por orden judicial, indic\u00f3 Raful.<\/p>\n\n\n\n<p>\u00abVamos a seguir fortaleciendo la fiscalizaci\u00f3n de los bares y&nbsp;<strong>restaurantes&nbsp;<\/strong>para que este tipo de cosas no sigan ocurriendo\u00bb, declar\u00f3 a los periodistas.<\/p>\n\n\n\n<p>Con estas declaraciones, la ministra de Interior se refiri\u00f3 al&nbsp;<strong>tiroteo ocurrido el pasado 31 de julio en el<\/strong><a href=\"https:\/\/listindiario.com\/la-republica\/justicia\/20250805\/tribunal-impone-prision-preventiva-imputado-matar-joven-restaurante-sector-naco_868986.html\"><strong> restaurante MG Kitchen<\/strong><\/a>, en el que una persona muri\u00f3 y otra result\u00f3.<\/p>\n\n\n\n<p>\u00abEsto no puede ocurrir bajo ning\u00fan concepto\u00bb, afirm\u00f3 Raful.<\/p>\n\n\n\n<p>Por este caso, un tribunal impuso tres meses de prisi\u00f3n preventiva a&nbsp;<strong>Jos\u00e9 Alexander de los Santos<\/strong>&nbsp;<strong>Lemos<\/strong>, se\u00f1alado como el responsable del hecho.<\/p>\n\n\n\n<p>\u00abNo vamos en ning\u00fan momento a desfallecer en eso\u00bb, asegur\u00f3 la funcionaria.<\/p>\n\n\n\n<p>La ministra Raful habl\u00f3 con los medios de comunicaci\u00f3n luego de participar en la edici\u00f3n 102 de la reuni\u00f3n de seguimiento al&nbsp;<strong>Plan de Seguridad Ciudadana<\/strong>, que encabez\u00f3 el presidente Luis Abinader.<\/p>\n\n\n\n<h3 class=\"wp-block-heading\">Prohibici\u00f3n de menores de edad<\/h3>\n\n\n\n<p>Otra resoluci\u00f3n (la 0005-2025), emitida por el Ministerio de Interior y Polic\u00eda tambi\u00e9n proh\u00edbe presencia de ni\u00f1os, ni\u00f1as y adolescentes en centros de expendio y consumo de alcohol en el territorio nacional.<\/p>\n\n\n\n<p>La instituci\u00f3n advirti\u00f3 \u201cque esta disposici\u00f3n ser\u00e1 vigilada y ejecutada por la<strong>&nbsp;Polic\u00eda Nacional<\/strong>&nbsp;mediante operativos de inspecci\u00f3n y control\u201d.<\/p>\n\n\n\n<h3 class=\"wp-block-heading\">Homicidios, decomisos, accidentes<\/h3>\n\n\n\n<p>La ministra Raful, adem\u00e1s, inform\u00f3 que, hasta la fecha, la tasa de&nbsp;<strong>homicidios&nbsp;<\/strong>por cada 100,000 habitantes se mantiene en 8.2%, mientras que 25 provincias del pa\u00eds est\u00e1n por debajo de los d\u00edgitos y al menos nueve por encima de dos d\u00edgitos.<\/p>\n\n\n\n<p>\u201cHay una tendencia hacia la baja en la tasa de homicidios\u201d, subray\u00f3 Raful. \u201cSin embargo, como siempre decimos, un homicidio para nosotros es un desaf\u00edo y sigue siendo una tragedia porque una familia dominicana est\u00e1 de luto y de dolor por la p\u00e9rdida de un ser querido\u201d.<\/p>\n\n\n\n<p>La funcionaria indic\u00f3 que en lo que va de a\u00f1o la Direcci\u00f3n Nacional de Control de Drogas (<strong>DNCD<\/strong>) han decomisado m\u00e1s de 6,070.338 de sustancias controladas, y apunt\u00f3 que las autoridades antinarc\u00f3ticas han realizado 22,251 operativos.<\/p>\n\n\n\n<p>Raful tambi\u00e9n dijo que de junio a julio el pa\u00eds registr\u00f3 una reducci\u00f3n de un 54% de accidentes de tr\u00e1nsito.&nbsp;<\/p>\n","protected":false},"excerpt":{"rendered":"<p>La ministra de Interior y Polic\u00eda, Faride Raful, informa que la medida tiene que ver<\/p>\n","protected":false},"author":1,"featured_media":18185,"comment_status":"open","ping_status":"open","sticky":false,"template":"","format":"standard","meta":{"footnotes":""},"categories":[12],"tags":[],"class_list":["post-18184","post","type-post","status-publish","format-standard","has-post-thumbnail","hentry","category-nacionales"],"_links":{"self":[{"href":"https:\/\/samantharadionline.com\/index.php\/wp-json\/wp\/v2\/posts\/18184","targetHints":{"allow":["GET"]}}],"collection":[{"href":"https:\/\/samantharadionline.com\/index.php\/wp-json\/wp\/v2\/posts"}],"about":[{"href":"https:\/\/samantharadionline.com\/index.php\/wp-json\/wp\/v2\/types\/post"}],"author":[{"embeddable":true,"href":"https:\/\/samantharadionline.com\/index.php\/wp-json\/wp\/v2\/users\/1"}],"replies":[{"embeddable":true,"href":"https:\/\/samantharadionline.com\/index.php\/wp-json\/wp\/v2\/comments?post=18184"}],"version-history":[{"count":2,"href":"https:\/\/samantharadionline.com\/index.php\/wp-json\/wp\/v2\/posts\/18184\/revisions"}],"predecessor-version":[{"id":18188,"href":"https:\/\/samantharadionline.com\/index.php\/wp-json\/wp\/v2\/posts\/18184\/revisions\/18188"}],"wp:featuredmedia":[{"embeddable":true,"href":"https:\/\/samantharadionline.com\/index.php\/wp-json\/wp\/v2\/media\/18185"}],"wp:attachment":[{"href":"https:\/\/samantharadionline.com\/index.php\/wp-json\/wp\/v2\/media?parent=18184"}],"wp:term":[{"taxonomy":"category","embeddable":true,"href":"https:\/\/samantharadionline.com\/index.php\/wp-json\/wp\/v2\/categories?post=18184"},{"taxonomy":"post_tag","embeddable":true,"href":"https:\/\/samantharadionline.com\/index.php\/wp-json\/wp\/v2\/tags?post=18184"}],"curies":[{"name":"wp","href":"https:\/\/api.w.org\/{rel}","templated":true}]}}