{"id":18181,"date":"2025-08-11T20:12:15","date_gmt":"2025-08-12T00:12:15","guid":{"rendered":"https:\/\/samantharadionline.com\/?p=18181"},"modified":"2025-08-11T20:12:15","modified_gmt":"2025-08-12T00:12:15","slug":"la-plancha-marcelino-vega-mmv-presenta-su-candidato-para-el-comite-ejecutivo-filial-del-distrito-nacional-2025-2027","status":"publish","type":"post","link":"https:\/\/samantharadionline.com\/index.php\/2025\/08\/11\/la-plancha-marcelino-vega-mmv-presenta-su-candidato-para-el-comite-ejecutivo-filial-del-distrito-nacional-2025-2027\/","title":{"rendered":"La Plancha Marcelino Vega (MMV) presenta su candidato\u00a0 para el Comit\u00e9 Ejecutivo Filial del Distrito Nacional 2025-2027"},"content":{"rendered":"\n<p class=\"has-medium-font-size\"><em>La propuesta de la Plancha Marcelino Vega (MMV) son para el Comit\u00e9 Ejecutivo <\/em><\/p>\n\n\n\n<p><strong>Santo Domingo<\/strong><\/p>\n\n\n\n<p>Con el firme prop\u00f3sito de fortalecer la unidad gremial y promover el desarrollo integral de los trabajadores de la prensa en el Distrito Nacional, la \u00abPlancha Marcelino Vega (MMV)\u00bb se complace en presentar Mario Antonio Lara Valdez como candidato a Secretario General de la filial del Distrito Nacional, que estar\u00e1 en funciones durante el per\u00edodo 2025-2027.<\/p>\n\n\n\n<p>La Plancha MMV est\u00e1 conformada por un equipo de profesionales de la comunicaci\u00f3n con amplia trayectoria, dedicaci\u00f3n y un profundo compromiso con la defensa de los derechos laborales, la dignificaci\u00f3n de la profesi\u00f3n y la representaci\u00f3n efectiva de sus colegas. Liderada por&nbsp; como candidato, la propuesta busca revitalizar el gremio a trav\u00e9s de la gesti\u00f3n transparente, la cercan\u00eda con los agremiados y la implementaci\u00f3n de programas que respondan a las necesidades actuales del sector.<\/p>\n\n\n\n<p>\u00abNuestra visi\u00f3n para el Comit\u00e9 Ejecutivo del Distrito Nacional se centra en la unidad, la solidaridad y el trabajo arduo para enfrentar los desaf\u00edos que vive nuestro sector. Queremos ser una voz fuerte y unificada que defienda los intereses de cada periodista, camar\u00f3grafo, fot\u00f3grafo y profesional de la comunicaci\u00f3n\u00bb, expres\u00f3 Mario Lara, candidato por la Plancha MMV. \u00abPresentamos un equipo diverso y comprometido, listo para servir y para construir un futuro m\u00e1s pr\u00f3spero para todos, respaldados por un valioso equipo de asesores con gran experiencia\u00bb.<\/p>\n\n\n\n<p>La propuesta de la Plancha Marcelino Vega (MMV) son para el Comit\u00e9 Ejecutivo Filial del Distrito Nacional (2025-2027):<\/p>\n\n\n\n<p>Secretar\u00eda General: Mario Antonio Lara Valdez&nbsp;<\/p>\n\n\n\n<p>Secretar\u00eda de Organizaci\u00f3n: Janet Altagracia B\u00e1ez&nbsp;<\/p>\n\n\n\n<p>Tesorer\u00eda: Yomary Inoa<\/p>\n\n\n\n<p>Secretar\u00eda de Actas y Correspondencia: Maxkil Figueroa<\/p>\n\n\n\n<p>Secretar\u00eda de Educaci\u00f3n Vargavila Riveron<\/p>\n\n\n\n<p>Secretar\u00eda de Reclamos y Conflictos: Dailin de la Cruz<\/p>\n\n\n\n<p>Secretar\u00eda de Comunicaciones: Miguelina Cruz<\/p>\n\n\n\n<p>Vocal: Luis Manuel Raposo<\/p>\n\n\n\n<p>Vocal:Kaming Rosario<\/p>\n\n\n\n<p>Asimismo, la plancha presenta su equipo para el Tribunal Disciplinario:<\/p>\n\n\n\n<p>Presidente: Felipe Montilla&nbsp;<\/p>\n\n\n\n<p>Secretario: Ana Daysi Payano<\/p>\n\n\n\n<p>Miembro: Cristian Sol\u00eds<\/p>\n\n\n\n<p>Comisario:&nbsp; Julio Benzant<\/p>\n\n\n\n<p>La Plancha Marcelino Vega (MMV) del SNTP Distrito Nacional encabezada por Mario Antonio Lara Valdez se enorgullece de contar con el apoyo y el&nbsp; equipo de asesores, quienes aportar\u00e1n su conocimiento y experiencia para el \u00e9xito de la gesti\u00f3n:<\/p>\n\n\n\n<p>Aurelio Henr\u00edquez, Jose Beato, Cundo Camarena,&nbsp; Cesar De La Cruz, Domi Garcia Saleta, Lillian Mateo,&nbsp; &nbsp;Vianelo Perdomo, Robert Arvelo, Corpus Montero, Fahd Jacobo, Siddy Roque, Yanibel Luna,&nbsp; Manuel Ure\u00f1a, Ana Inoa, Francisco Marte , Brian Cordero, Omar Rivera y otros<\/p>\n\n\n\n<p>La Plancha Marcelino Vega (MMV) invita a todos los miembros del Sindicato Nacional de Trabajadores de la Prensa (SNTP) del Distrito Nacional a conocer su propuesta y a participar activamente en las pr\u00f3ximas elecciones nacionales del 15 de agosto de 2025. Creemos firmemente que con unidad, trabajo en equipo y el respaldo de asesores experimentados, podemos lograr grandes avances para el gremio.<\/p>\n\n\n\n<p>\u00a1Vota por la Plancha Marcelino Vega (MMV)! \u00a1Por una prensa unida,&nbsp; fuerte y con futuro!<\/p>\n","protected":false},"excerpt":{"rendered":"<p>La propuesta de la Plancha Marcelino Vega (MMV) son para el Comit\u00e9 Ejecutivo Santo Domingo<\/p>\n","protected":false},"author":1,"featured_media":18182,"comment_status":"open","ping_status":"open","sticky":false,"template":"","format":"standard","meta":{"footnotes":""},"categories":[12],"tags":[],"class_list":["post-18181","post","type-post","status-publish","format-standard","has-post-thumbnail","hentry","category-nacionales"],"_links":{"self":[{"href":"https:\/\/samantharadionline.com\/index.php\/wp-json\/wp\/v2\/posts\/18181","targetHints":{"allow":["GET"]}}],"collection":[{"href":"https:\/\/samantharadionline.com\/index.php\/wp-json\/wp\/v2\/posts"}],"about":[{"href":"https:\/\/samantharadionline.com\/index.php\/wp-json\/wp\/v2\/types\/post"}],"author":[{"embeddable":true,"href":"https:\/\/samantharadionline.com\/index.php\/wp-json\/wp\/v2\/users\/1"}],"replies":[{"embeddable":true,"href":"https:\/\/samantharadionline.com\/index.php\/wp-json\/wp\/v2\/comments?post=18181"}],"version-history":[{"count":1,"href":"https:\/\/samantharadionline.com\/index.php\/wp-json\/wp\/v2\/posts\/18181\/revisions"}],"predecessor-version":[{"id":18183,"href":"https:\/\/samantharadionline.com\/index.php\/wp-json\/wp\/v2\/posts\/18181\/revisions\/18183"}],"wp:featuredmedia":[{"embeddable":true,"href":"https:\/\/samantharadionline.com\/index.php\/wp-json\/wp\/v2\/media\/18182"}],"wp:attachment":[{"href":"https:\/\/samantharadionline.com\/index.php\/wp-json\/wp\/v2\/media?parent=18181"}],"wp:term":[{"taxonomy":"category","embeddable":true,"href":"https:\/\/samantharadionline.com\/index.php\/wp-json\/wp\/v2\/categories?post=18181"},{"taxonomy":"post_tag","embeddable":true,"href":"https:\/\/samantharadionline.com\/index.php\/wp-json\/wp\/v2\/tags?post=18181"}],"curies":[{"name":"wp","href":"https:\/\/api.w.org\/{rel}","templated":true}]}}