{"id":18178,"date":"2025-08-11T20:05:50","date_gmt":"2025-08-12T00:05:50","guid":{"rendered":"https:\/\/samantharadionline.com\/?p=18178"},"modified":"2025-08-11T20:05:51","modified_gmt":"2025-08-12T00:05:51","slug":"imputado-en-el-atentado-al-senador-miguel-uribe-turbay-fallece","status":"publish","type":"post","link":"https:\/\/samantharadionline.com\/index.php\/2025\/08\/11\/imputado-en-el-atentado-al-senador-miguel-uribe-turbay-fallece\/","title":{"rendered":"Imputado en el atentado al senador Miguel Uribe Turbay, fallece"},"content":{"rendered":"\n<p class=\"has-medium-font-size\"><em>La muerte de Uribe fue este lunes despu\u00e9s de dos meses  hospitalizado en cuidados intensivos.<\/em><\/p>\n\n\n\n<p>Agencia AFP, <strong>Bogot\u00e1, Colombia.<\/strong><\/p>\n\n\n\n<p>El n\u00famero dos de la disidencia de las&nbsp;<strong>FARC&nbsp;<\/strong>Segunda Marquetalia, organizaci\u00f3n sospechosa en el&nbsp;<strong>magnicidio<\/strong>&nbsp;del presidenciable colombiano&nbsp;<strong>Miguel Uribe<\/strong>, muri\u00f3 a manos de rebeldes rivales del ELN en territorio venezolano, inform\u00f3 este lunes el ministro de Defensa, Pedro S\u00e1nchez.<\/p>\n\n\n\n<p>La Segunda Marquetalia, dirigida por el exnegociador Iv\u00e1n M\u00e1rquez, retom\u00f3 las armas luego de la firma del acuerdo de paz de 2016. Seg\u00fan inteligencia militar, la organizaci\u00f3n de unos 2.000 combatientes es una de las principales sospechosas en la investigaci\u00f3n sobre el atentado contra Uribe el 7 de junio.<\/p>\n\n\n\n<p>\u00abEl ELN asesin\u00f3 al Zarco Aldinever en territorio venezolano muy cerca de la frontera colombo-venezolana. Las razones, las de todo cartel, la pelea por el narcotr\u00e1fico, al parecer entre ellos mismos se robaron alg\u00fan cargamento de coca\u00edna y se declar\u00f3 una pugna criminal entre carteles\u00bb, explic\u00f3 el ministro S\u00e1nchez en una rueda prensa en Bogot\u00e1.<\/p>\n\n\n\n<p>El ministro no precis\u00f3 cu\u00e1ndo ocurri\u00f3 la muerte de Aldinever, cuyo verdadero nombre era Jos\u00e9 Manuel Sierra, aunque seg\u00fan el centro de investigaci\u00f3n Insight Crime fue a principios de agosto.<\/p>\n\n\n\n<p>Uribe, quien era&nbsp;<strong>senador<\/strong>&nbsp;y precandidato presidencial de 39 a\u00f1os, falleci\u00f3 este lunes luego de dos meses de hospitalizaci\u00f3n en cuidados intensivos y m\u00faltiples cirug\u00edas por el brutal atentado a bala que sufri\u00f3 cuando realizaba un acto de campa\u00f1a en Bogot\u00e1.<\/p>\n\n\n\n<p>Seis personas est\u00e1n detenidas por el ataque, incluido el agresor de 15 a\u00f1os que le dispar\u00f3 dos veces en la cabeza.<\/p>\n\n\n\n<p>\u00abLas conclusiones que hemos tenido en materia de inteligencia es que una l\u00ednea apunta a una conexi\u00f3n muy importante entre los autores de este magnicidio con (&#8230;) el cartel de la Segunda Marquetalia\u00bb, declar\u00f3 S\u00e1nchez.<\/p>\n\n\n\n<p>Seg\u00fan Insight Crime, Sierra se uni\u00f3 a la entonces FARC en 1990 cuando ten\u00eda 14 a\u00f1os.<\/p>\n\n\n\n<p>Tras firmar la paz, reapareci\u00f3 en 2019 de camuflado y fusil junto a otros rebeldes en un video en el que anunciaban su rearme como la Segunda Marquetalia. Con el hist\u00f3rico Iv\u00e1n M\u00e1rquez, alegaron incumplimientos a lo pactado por parte del Estado.<\/p>\n\n\n\n<p>La muerte de Uribe, favorito de la derecha para las elecciones presidenciales de 2026, reabre heridas en un pa\u00eds atravesado por la violencia y los atentados contra pol\u00edticos en las d\u00e9cadas de 1980 y 1990.<\/p>\n\n\n\n<p>El gobierno del presidente izquierdista Gustavo Petro inici\u00f3 di\u00e1logos de paz con la Segunda Marquetalia a mediados de 2024 en Venezuela, pero actualmente est\u00e1n suspendidos ante la falta de avances.<\/p>\n\n\n\n<p>Sierra era ficha clave de las disidencias en el tr\u00e1fico de coca\u00edna en los departamentos de Meta, Cundinamarca y Boyac\u00e1, en el centro del pa\u00eds.<\/p>\n","protected":false},"excerpt":{"rendered":"<p>La muerte de Uribe fue este lunes despu\u00e9s de dos meses hospitalizado en cuidados intensivos.<\/p>\n","protected":false},"author":1,"featured_media":18179,"comment_status":"open","ping_status":"open","sticky":false,"template":"","format":"standard","meta":{"footnotes":""},"categories":[4],"tags":[],"class_list":["post-18178","post","type-post","status-publish","format-standard","has-post-thumbnail","hentry","category-mundiales"],"_links":{"self":[{"href":"https:\/\/samantharadionline.com\/index.php\/wp-json\/wp\/v2\/posts\/18178","targetHints":{"allow":["GET"]}}],"collection":[{"href":"https:\/\/samantharadionline.com\/index.php\/wp-json\/wp\/v2\/posts"}],"about":[{"href":"https:\/\/samantharadionline.com\/index.php\/wp-json\/wp\/v2\/types\/post"}],"author":[{"embeddable":true,"href":"https:\/\/samantharadionline.com\/index.php\/wp-json\/wp\/v2\/users\/1"}],"replies":[{"embeddable":true,"href":"https:\/\/samantharadionline.com\/index.php\/wp-json\/wp\/v2\/comments?post=18178"}],"version-history":[{"count":1,"href":"https:\/\/samantharadionline.com\/index.php\/wp-json\/wp\/v2\/posts\/18178\/revisions"}],"predecessor-version":[{"id":18180,"href":"https:\/\/samantharadionline.com\/index.php\/wp-json\/wp\/v2\/posts\/18178\/revisions\/18180"}],"wp:featuredmedia":[{"embeddable":true,"href":"https:\/\/samantharadionline.com\/index.php\/wp-json\/wp\/v2\/media\/18179"}],"wp:attachment":[{"href":"https:\/\/samantharadionline.com\/index.php\/wp-json\/wp\/v2\/media?parent=18178"}],"wp:term":[{"taxonomy":"category","embeddable":true,"href":"https:\/\/samantharadionline.com\/index.php\/wp-json\/wp\/v2\/categories?post=18178"},{"taxonomy":"post_tag","embeddable":true,"href":"https:\/\/samantharadionline.com\/index.php\/wp-json\/wp\/v2\/tags?post=18178"}],"curies":[{"name":"wp","href":"https:\/\/api.w.org\/{rel}","templated":true}]}}