{"id":18166,"date":"2025-08-11T18:02:31","date_gmt":"2025-08-11T22:02:31","guid":{"rendered":"https:\/\/samantharadionline.com\/?p=18166"},"modified":"2025-08-11T19:40:43","modified_gmt":"2025-08-11T23:40:43","slug":"al-inaugurar-el-monorriel-de-santiago-invitaran-a-macron-para-en-2026","status":"publish","type":"post","link":"https:\/\/samantharadionline.com\/index.php\/2025\/08\/11\/al-inaugurar-el-monorriel-de-santiago-invitaran-a-macron-para-en-2026\/","title":{"rendered":"Al inaugurar el Monorriel de Santiago invitaran a Macron para  en 2026"},"content":{"rendered":"\n<h1 class=\"wp-block-heading\">  <\/h1>\n\n\n\n<p>\u201cEstoy seguro de que vendr\u00e1, para manifestarle nuestro agradecimiento a ese gran l\u00edder y estadista\u201d, dijo el presidente Abinader, sobre su hom\u00f3logo franc\u00e9s<\/p>\n\n\n\n<p>El&nbsp;<strong>presidente Luis Abinader<\/strong>&nbsp;anunci\u00f3 el domingo que su hom\u00f3logo franc\u00e9s,&nbsp;<strong>Emmanuel Macron<\/strong>, podr\u00eda visitar Rep\u00fablica Dominicana en el primer trimestre del pr\u00f3ximo a\u00f1o para la inauguraci\u00f3n del&nbsp;<strong>Monorriel de Santiago<\/strong>, un proyecto que cuenta con financiamiento de la Agencia Francesa de Desarrollo (AFD).<\/p>\n\n\n\n<p>\u201cCuando convers\u00e9 con el presidente Macron en mi reciente visita a Francia, en Niza, durante la Conferencia de los Oc\u00e9anos, hablamos y dijo que&nbsp;<strong>estuvo de acuerdo en que iba a venir en el primer trimestre del pr\u00f3ximo a\u00f1o<\/strong>&nbsp;al inicio del Monorriel de Santiago\u201d, declar\u00f3 Abinader.<\/p>\n\n\n\n<p>\u201cAs\u00ed que, embajadora de Francia en Rep\u00fablica Dominicana, estoy comprometiendo al presidente Macron aqu\u00ed junto a todo el pa\u00eds.&nbsp;<strong>Estoy seguro de que vendr\u00e1&nbsp;<\/strong>para manifestarle nuestro agradecimiento a ese gran l\u00edder y estadista por su apoyo al sistema de transporte dominicano\u201d, a\u00f1adi\u00f3.<\/p>\n\n\n\n<p>El jefe del Estado tambi\u00e9n se refiri\u00f3 al proyecto del&nbsp;<strong>Tren Metropolitano<\/strong>, que podr\u00eda conectar la avenida M\u00e1ximo G\u00f3mez con la avenida Charles de Gaulle.<\/p>\n\n\n\n<p>Abinader explic\u00f3 que el Gobierno dominicano y el franc\u00e9s est\u00e1n trabajando en el dise\u00f1o y estudiando un trazado para esta obra.<\/p>\n\n\n\n<p>\u201cConversamos aproximadamente 25 minutos sobre ese tema con el presidente Macron y est\u00e1 en la mayor disposici\u00f3n de&nbsp;<strong>apoyarnos en las mejores condiciones financieras para el pa\u00eds<\/strong>\u201d, manifest\u00f3.<\/p>\n\n\n\n<p>El presidente Abinader ofreci\u00f3 estas declaraciones durante la entrega de cuatro trenes de seis vagones para el Metro de Santo Domingo.<\/p>\n\n\n\n<p>\u201cHoy damos soluci\u00f3n a una necesidad cr\u00edtica del sistema de transporte\u201d, dijo el mandatario.<\/p>\n\n\n\n<p>El proyecto tuvo un costo superior a los 219 millones de euros, financiados mayoritariamente por la&nbsp;<strong>Agencia Francesa de Desarrollo<\/strong>, seg\u00fan informaron las autoridades.<\/p>\n\n\n\n<p>Abinader tambi\u00e9n inaugur\u00f3 un t\u00fanel de interconexi\u00f3n peatonal entre las L\u00edneas 1 y 2 del medio de transporte colectivo, que recibe cada d\u00eda unas 380,000 personas.<\/p>\n\n\n\n<p>En t\u00e9rminos generales, la inversi\u00f3n asciende a unos USD$260 millones, seg\u00fan el Gobierno.<\/p>\n\n\n\n<p>\u201cEstas mejoras vienen a resolver uno de los principales retos del sistema: la saturaci\u00f3n de trenes y estaciones en horas pico\u201d, subray\u00f3 una nota gubernamental.<\/p>\n\n\n\n<h3 class=\"wp-block-heading\">Financiamiento del Gobierno franc\u00e9s<\/h3>\n\n\n\n<p>En junio, el presidente Emmanuel Macron expres\u00f3 el inter\u00e9s del Gobierno franc\u00e9s en financiar hasta el 85% del Tren Metropolitano de Santo Domingo y del plan integral de transporte del Gran Santo Domingo, dos proyectos estrat\u00e9gicos para impulsar la movilidad en Rep\u00fablica Dominicana.<\/p>\n\n\n\n<p class=\"has-medium-font-size\">El anuncio de Macron se produjo durante la reuni\u00f3n que sostuvo con el presidente Abinader en la ciudad de Niza, como parte de la Tercera Conferencia de las Naciones Unidas sobre el Oc\u00e9ano.<\/p>\n","protected":false},"excerpt":{"rendered":"<p>\u201cEstoy seguro de que vendr\u00e1, para manifestarle nuestro agradecimiento a ese gran l\u00edder y estadista\u201d,<\/p>\n","protected":false},"author":1,"featured_media":18167,"comment_status":"open","ping_status":"open","sticky":false,"template":"","format":"standard","meta":{"footnotes":""},"categories":[4],"tags":[],"class_list":["post-18166","post","type-post","status-publish","format-standard","has-post-thumbnail","hentry","category-mundiales"],"_links":{"self":[{"href":"https:\/\/samantharadionline.com\/index.php\/wp-json\/wp\/v2\/posts\/18166","targetHints":{"allow":["GET"]}}],"collection":[{"href":"https:\/\/samantharadionline.com\/index.php\/wp-json\/wp\/v2\/posts"}],"about":[{"href":"https:\/\/samantharadionline.com\/index.php\/wp-json\/wp\/v2\/types\/post"}],"author":[{"embeddable":true,"href":"https:\/\/samantharadionline.com\/index.php\/wp-json\/wp\/v2\/users\/1"}],"replies":[{"embeddable":true,"href":"https:\/\/samantharadionline.com\/index.php\/wp-json\/wp\/v2\/comments?post=18166"}],"version-history":[{"count":1,"href":"https:\/\/samantharadionline.com\/index.php\/wp-json\/wp\/v2\/posts\/18166\/revisions"}],"predecessor-version":[{"id":18168,"href":"https:\/\/samantharadionline.com\/index.php\/wp-json\/wp\/v2\/posts\/18166\/revisions\/18168"}],"wp:featuredmedia":[{"embeddable":true,"href":"https:\/\/samantharadionline.com\/index.php\/wp-json\/wp\/v2\/media\/18167"}],"wp:attachment":[{"href":"https:\/\/samantharadionline.com\/index.php\/wp-json\/wp\/v2\/media?parent=18166"}],"wp:term":[{"taxonomy":"category","embeddable":true,"href":"https:\/\/samantharadionline.com\/index.php\/wp-json\/wp\/v2\/categories?post=18166"},{"taxonomy":"post_tag","embeddable":true,"href":"https:\/\/samantharadionline.com\/index.php\/wp-json\/wp\/v2\/tags?post=18166"}],"curies":[{"name":"wp","href":"https:\/\/api.w.org\/{rel}","templated":true}]}}