{"id":18160,"date":"2025-08-11T17:21:01","date_gmt":"2025-08-11T21:21:01","guid":{"rendered":"https:\/\/samantharadionline.com\/?p=18160"},"modified":"2025-08-11T19:42:46","modified_gmt":"2025-08-11T23:42:46","slug":"activan-guardia-nacional-y-ponen-bajo-control-federal-a-la-policia-de-washington","status":"publish","type":"post","link":"https:\/\/samantharadionline.com\/index.php\/2025\/08\/11\/activan-guardia-nacional-y-ponen-bajo-control-federal-a-la-policia-de-washington\/","title":{"rendered":"Activan Guardia Nacional y ponen bajo control federal a la polic\u00eda de Washington"},"content":{"rendered":"\n<p class=\"has-medium-font-size\"> Home Rule Act,  faculta a la Fuerza de Polic\u00eda Metropolitana en circunstancias espec\u00edficas.<\/p>\n\n\n\n<figure class=\"wp-block-image\"><img decoding=\"async\" src=\"https:\/\/listindiario.com\/files\/image_60_60\/uploads\/2023\/05\/23\/646cd02f4f53e.jpeg\" alt=\"Avatar del Agencia EFE\"\/><\/figure>\n\n\n\n<p><em>\u00a0<\/em>Agencia EFE, <strong>Washington, EE.UU.<\/strong><\/p>\n\n\n\n<p>El presidente de<strong>&nbsp;Estados Unidos,<\/strong>&nbsp;Donald Trump, anunci\u00f3 este lunes que el Gobierno federal tomar\u00e1 el control de la Polic\u00eda de Washington D. C. y activar\u00e1 las tropas de la&nbsp;<strong>Guardia Nacional&nbsp;<\/strong>como parte de una campa\u00f1a para controlar el crimen y \u00abrestablecer el orden p\u00fablico\u00bb en la capital.<\/p>\n\n\n\n<p>\u00abInvoco oficialmente la secci\u00f3n 740 de la&nbsp;<strong>Ley de Autonom\u00eda del Distrito de Columbia,<\/strong>&nbsp;y pongo al Departamento de Polic\u00eda Metropolitana de Washington D.C. bajo control federal directo\u00bb, dijo el mandatario en una conferencia de prensa en la Casa Blanca junto a miembros de su gabinete.<\/p>\n\n\n\n<p>Esta cl\u00e1usula de la llamada<strong>&nbsp;Home Rule Act,&nbsp;<\/strong>que gobierna la autonom\u00eda de Washington desde 1973, otorga al presidente la facultad de asumir el control de emergencia de la Fuerza de Polic\u00eda Metropolitana en circunstancias espec\u00edficas.<\/p>\n\n\n\n<p>En una rueda de prensa desde la Casa Blanca, el presidente declar\u00f3 una&nbsp;<strong>\u00abEmergencia de Seguridad P\u00fablica\u00bb,&nbsp;<\/strong>puso a la Polic\u00eda Metropolitana del Distrito de Columbia bajo el control de la Fiscal General, Pam Bondi, y nombr\u00f3 de manera interina al director de la&nbsp;<strong>Administraci\u00f3n de Control de Drogas (DEA),<\/strong>&nbsp;Terry Cole, el comisario de polic\u00eda de la ciudad.<\/p>\n\n\n\n<p>Trump indic\u00f3 que dentro de esta \u00abacci\u00f3n hist\u00f3rica para rescatar la capital nacional del crimen, el derramamiento de sangre y el caos\u00bb, tambi\u00e9n estar\u00e1 \u00abdesplegando a la&nbsp;<strong>Guardia Nacional&nbsp;<\/strong>para ayudar a restablecer el orden p\u00fablico y la seguridad\u00bb en la urbe, algo que el secretario de Defensa, Pete Hegseth, confirm\u00f3 que ya estaba en marcha.<\/p>\n\n\n\n<p>\u00abEs el d\u00eda de la liberaci\u00f3n para Washington D.C.\u00bb, insisti\u00f3, mientras adelant\u00f3 &#8211; sin entrar en detalles- que tambi\u00e9n acabar\u00eda con los campamentos de personas sin hogar y que impondr\u00eda mano dura a los \u00abdelincuenten juveniles que aterrorizan a la capital\u00bb.<\/p>\n\n\n\n<p>El neoyorquino advirti\u00f3 que esta campa\u00f1a para \u00abliberar\u00bb y \u00abembellecer\u00bb a Washington solo ser\u00e1 el comienzo de una operaci\u00f3n a nivel nacional para \u00abretomar el control\u00bb de ciudades estadounidenses que, seg\u00fan dijo, est\u00e1n amenazadas por la violencia callejera y los&nbsp;<strong>inmigrantes indocumentados.<\/strong><\/p>\n\n\n\n<p>\u00abNo vamos a permitir que eso suceda. No vamos a perder nuestras ciudades por esto. Estamos empezando con fuerza en D.C. y vamos a limpiarla muy r\u00e1pido, muy r\u00e1pido, pero esto ir\u00e1 m\u00e1s all\u00e1\u00bb, agreg\u00f3.<\/p>\n\n\n\n<p>Medios locales ya hab\u00edan reportado que el Pent\u00e1gono alistaba unas 800 tropas de la Guardia Nacional ante una inminente de&nbsp;<strong>Trump<\/strong>.<\/p>\n\n\n\n<p>La semana pasada, el presidente ya anunci\u00f3 el despliegue de agentes federales en las calles de lo que considera una ciudad plagada de cr\u00edmenes y que es muy permisiva con los delitos.<\/p>\n","protected":false},"excerpt":{"rendered":"<p>Home Rule Act, faculta a la Fuerza de Polic\u00eda Metropolitana en circunstancias espec\u00edficas. \u00a0Agencia EFE,<\/p>\n","protected":false},"author":1,"featured_media":18161,"comment_status":"open","ping_status":"open","sticky":false,"template":"","format":"standard","meta":{"footnotes":""},"categories":[4],"tags":[],"class_list":["post-18160","post","type-post","status-publish","format-standard","has-post-thumbnail","hentry","category-mundiales"],"_links":{"self":[{"href":"https:\/\/samantharadionline.com\/index.php\/wp-json\/wp\/v2\/posts\/18160","targetHints":{"allow":["GET"]}}],"collection":[{"href":"https:\/\/samantharadionline.com\/index.php\/wp-json\/wp\/v2\/posts"}],"about":[{"href":"https:\/\/samantharadionline.com\/index.php\/wp-json\/wp\/v2\/types\/post"}],"author":[{"embeddable":true,"href":"https:\/\/samantharadionline.com\/index.php\/wp-json\/wp\/v2\/users\/1"}],"replies":[{"embeddable":true,"href":"https:\/\/samantharadionline.com\/index.php\/wp-json\/wp\/v2\/comments?post=18160"}],"version-history":[{"count":1,"href":"https:\/\/samantharadionline.com\/index.php\/wp-json\/wp\/v2\/posts\/18160\/revisions"}],"predecessor-version":[{"id":18162,"href":"https:\/\/samantharadionline.com\/index.php\/wp-json\/wp\/v2\/posts\/18160\/revisions\/18162"}],"wp:featuredmedia":[{"embeddable":true,"href":"https:\/\/samantharadionline.com\/index.php\/wp-json\/wp\/v2\/media\/18161"}],"wp:attachment":[{"href":"https:\/\/samantharadionline.com\/index.php\/wp-json\/wp\/v2\/media?parent=18160"}],"wp:term":[{"taxonomy":"category","embeddable":true,"href":"https:\/\/samantharadionline.com\/index.php\/wp-json\/wp\/v2\/categories?post=18160"},{"taxonomy":"post_tag","embeddable":true,"href":"https:\/\/samantharadionline.com\/index.php\/wp-json\/wp\/v2\/tags?post=18160"}],"curies":[{"name":"wp","href":"https:\/\/api.w.org\/{rel}","templated":true}]}}