{"id":18151,"date":"2025-08-11T15:50:36","date_gmt":"2025-08-11T19:50:36","guid":{"rendered":"https:\/\/samantharadionline.com\/?p=18151"},"modified":"2025-08-11T19:44:14","modified_gmt":"2025-08-11T23:44:14","slug":"ataque-en-moncion-deja-un-muerto-y-un-desaparecido","status":"publish","type":"post","link":"https:\/\/samantharadionline.com\/index.php\/2025\/08\/11\/ataque-en-moncion-deja-un-muerto-y-un-desaparecido\/","title":{"rendered":"Ataque en Monci\u00f3n deja un muerto y un desaparecido"},"content":{"rendered":"\n<p class=\"has-medium-font-size\"><em>Vecinos narraron que los agresores se desplazaban en un veh\u00edculo oscuro y actuaron con rapidez<\/em><\/p>\n\n\n\n<p>L.D., Santo Domingo, R.D.<\/p>\n\n\n\n<p>Un grupo de hombres armados ingres\u00f3 a una finca en el municipio de&nbsp;<strong>Monci\u00f3n<\/strong>, provincia&nbsp;<strong>Santiago Rodr\u00edguez<\/strong>, y en un \u00abtiempo r\u00e9cord\u00bb hirieron un hombre y se llevaron otro, cuyo paradero hasta la fecha es incierto. El hecho habr\u00eda ocurrido pasado el mediod\u00eda de este domingo, seg\u00fan testimonios.<\/p>\n\n\n\n<p>Los sujetos armados habr\u00edan abierto fuego contra un trabajador identificado como&nbsp;<strong>Diomedes S\u00e1nchez,<\/strong>&nbsp;quien perdi\u00f3 la vida en el lugar. Posteriormente, los atacantes habr\u00edan sacado por la fuerza a otro individuo, cuya identidad no ha sido confirmada.<\/p>\n\n\n\n<p>Vecinos narraron que los agresores se desplazaban en un veh\u00edculo oscuro y actuaron con rapidez, generando miedo y confusi\u00f3n. Las autoridades investigan el hecho y no descartan que pudiera tratarse de disputas o acciones delictivas.<\/p>\n\n\n\n<p>Agentes policiales y representantes del&nbsp;<strong>Ministerio P\u00fablico<\/strong>&nbsp;recolectaron indicios en el \u00e1rea para reconstruir la secuencia de los hechos. Paralelamente, se desarrolla un operativo en distintos puntos de la provincia con el objetivo de localizar a los responsables y dar con la persona desaparecida.<\/p>\n\n\n\n<p>Este acontecimiento ha provocado alarma entre los residentes de&nbsp;<strong>Monci\u00f3n<\/strong>, quienes piden mayor vigilancia en las zonas apartadas y conf\u00edan en que la investigaci\u00f3n arroje resultados en&nbsp;el&nbsp;corto&nbsp;plazo.<\/p>\n","protected":false},"excerpt":{"rendered":"<p>Vecinos narraron que los agresores se desplazaban en un veh\u00edculo oscuro y actuaron con rapidez<\/p>\n","protected":false},"author":1,"featured_media":18152,"comment_status":"open","ping_status":"open","sticky":false,"template":"","format":"standard","meta":{"footnotes":""},"categories":[12],"tags":[],"class_list":["post-18151","post","type-post","status-publish","format-standard","has-post-thumbnail","hentry","category-nacionales"],"_links":{"self":[{"href":"https:\/\/samantharadionline.com\/index.php\/wp-json\/wp\/v2\/posts\/18151","targetHints":{"allow":["GET"]}}],"collection":[{"href":"https:\/\/samantharadionline.com\/index.php\/wp-json\/wp\/v2\/posts"}],"about":[{"href":"https:\/\/samantharadionline.com\/index.php\/wp-json\/wp\/v2\/types\/post"}],"author":[{"embeddable":true,"href":"https:\/\/samantharadionline.com\/index.php\/wp-json\/wp\/v2\/users\/1"}],"replies":[{"embeddable":true,"href":"https:\/\/samantharadionline.com\/index.php\/wp-json\/wp\/v2\/comments?post=18151"}],"version-history":[{"count":1,"href":"https:\/\/samantharadionline.com\/index.php\/wp-json\/wp\/v2\/posts\/18151\/revisions"}],"predecessor-version":[{"id":18153,"href":"https:\/\/samantharadionline.com\/index.php\/wp-json\/wp\/v2\/posts\/18151\/revisions\/18153"}],"wp:featuredmedia":[{"embeddable":true,"href":"https:\/\/samantharadionline.com\/index.php\/wp-json\/wp\/v2\/media\/18152"}],"wp:attachment":[{"href":"https:\/\/samantharadionline.com\/index.php\/wp-json\/wp\/v2\/media?parent=18151"}],"wp:term":[{"taxonomy":"category","embeddable":true,"href":"https:\/\/samantharadionline.com\/index.php\/wp-json\/wp\/v2\/categories?post=18151"},{"taxonomy":"post_tag","embeddable":true,"href":"https:\/\/samantharadionline.com\/index.php\/wp-json\/wp\/v2\/tags?post=18151"}],"curies":[{"name":"wp","href":"https:\/\/api.w.org\/{rel}","templated":true}]}}