{"id":18146,"date":"2025-08-11T09:56:22","date_gmt":"2025-08-11T13:56:22","guid":{"rendered":"https:\/\/samantharadionline.com\/?p=18146"},"modified":"2025-08-11T09:58:50","modified_gmt":"2025-08-11T13:58:50","slug":"prohibamos-celulares-en-aulas-escolares","status":"publish","type":"post","link":"https:\/\/samantharadionline.com\/index.php\/2025\/08\/11\/prohibamos-celulares-en-aulas-escolares\/","title":{"rendered":"Prohibamos celulares en aulas escolares"},"content":{"rendered":"\n<p>Vinicio A. Castillo Sem\u00e1n<\/p>\n\n\n\n<p>CONTROVERSIA<\/p>\n\n\n\n<p>Al acercarse el inicio del&nbsp;<strong>nuevo a\u00f1o escolar<\/strong>&nbsp;, he querido dedicar este art\u00edculo para elevar mi petici\u00f3n p\u00fablica al amigo Ministro de Educaci\u00f3n, Luis Miguel Decamps, de que se proh\u00edba el uso de&nbsp;<strong>celulares<\/strong>&nbsp;en&nbsp;<strong>aulas<\/strong>&nbsp;de las&nbsp;<strong>escuelas p\u00fablicas<\/strong>&nbsp;, como lo han hecho ya muchos pa\u00edses entre ellos.<\/p>\n\n\n\n<p>Si queremos elevar la calidad de la educaci\u00f3n en RD yla atenci\u00f3n debida de los estudiantes a las clases de los profesores, esa medida es vital. Los avances tecnol\u00f3gicos de los celulares inteligentes cautivan el inter\u00e9s de los ni\u00f1os y adolescentes desde muy temprana edad. Tener estos celulares en clases distrae y afecta sensiblemente la ense\u00f1anza escolar, en un tiempo en que los alumnos entienden no hay que \u00abfajarse\u00bb mucho con los estudios porque los conocimientos est\u00e1n a nivel de un click con preguntas a la inteligencia artificial que est\u00e1n ya a mano en las diferentes plataformas a las que tienen acceso los celulares inteligentes.<\/p>\n\n\n\n<p>La crisis de la educaci\u00f3n actual est\u00e1 afectada por muchos factores, pero uno de los m\u00e1s grandes es el desinter\u00e9s por profundizar en los temas; quedarse en una respuesta corta y resumida . Igual en materia informativa, cada d\u00eda m\u00e1s la gente com\u00fan se queda con los titulares y el primer p\u00e1rrafo . El c\u00famulo de informaci\u00f3n que recibimos diariamente es tan numerosa y variada que muy pocos quieren o se preocupan por profundizar en los temas.<\/p>\n\n\n\n<p>El Ministerio de Educaci\u00f3n en una nota de prensa de junio sobre este tema, \u00e9ste inform\u00f3 le dejaba a cada colegio la facultad de prohibir o no celulares en aulas de clases. Creo \u00e9sta debe ser una prohibici\u00f3n general, como parte de un esfuerzo de una pol\u00edtica de mejorar la calidad educativa, que estoy seguro contar\u00e1 con el apoyo de la inmensa mayor\u00eda de los padres que quieren que sus hijos vayan a la escuela a estudiar y aprender, lo cual ser\u00e1 imposible si no le prestan atenci\u00f3n a sus profesores, por estar atento a su celular, redes sociales y juegos.<\/p>\n","protected":false},"excerpt":{"rendered":"<p>Vinicio A. Castillo Sem\u00e1n<\/p>\n","protected":false},"author":1,"featured_media":18147,"comment_status":"open","ping_status":"open","sticky":false,"template":"","format":"standard","meta":{"footnotes":""},"categories":[13],"tags":[],"class_list":["post-18146","post","type-post","status-publish","format-standard","has-post-thumbnail","hentry","category-opinion"],"_links":{"self":[{"href":"https:\/\/samantharadionline.com\/index.php\/wp-json\/wp\/v2\/posts\/18146","targetHints":{"allow":["GET"]}}],"collection":[{"href":"https:\/\/samantharadionline.com\/index.php\/wp-json\/wp\/v2\/posts"}],"about":[{"href":"https:\/\/samantharadionline.com\/index.php\/wp-json\/wp\/v2\/types\/post"}],"author":[{"embeddable":true,"href":"https:\/\/samantharadionline.com\/index.php\/wp-json\/wp\/v2\/users\/1"}],"replies":[{"embeddable":true,"href":"https:\/\/samantharadionline.com\/index.php\/wp-json\/wp\/v2\/comments?post=18146"}],"version-history":[{"count":2,"href":"https:\/\/samantharadionline.com\/index.php\/wp-json\/wp\/v2\/posts\/18146\/revisions"}],"predecessor-version":[{"id":18150,"href":"https:\/\/samantharadionline.com\/index.php\/wp-json\/wp\/v2\/posts\/18146\/revisions\/18150"}],"wp:featuredmedia":[{"embeddable":true,"href":"https:\/\/samantharadionline.com\/index.php\/wp-json\/wp\/v2\/media\/18147"}],"wp:attachment":[{"href":"https:\/\/samantharadionline.com\/index.php\/wp-json\/wp\/v2\/media?parent=18146"}],"wp:term":[{"taxonomy":"category","embeddable":true,"href":"https:\/\/samantharadionline.com\/index.php\/wp-json\/wp\/v2\/categories?post=18146"},{"taxonomy":"post_tag","embeddable":true,"href":"https:\/\/samantharadionline.com\/index.php\/wp-json\/wp\/v2\/tags?post=18146"}],"curies":[{"name":"wp","href":"https:\/\/api.w.org\/{rel}","templated":true}]}}