{"id":18139,"date":"2025-08-11T09:42:58","date_gmt":"2025-08-11T13:42:58","guid":{"rendered":"https:\/\/samantharadionline.com\/?p=18139"},"modified":"2025-08-11T09:43:47","modified_gmt":"2025-08-11T13:43:47","slug":"procesados-y-autores-intelectuales-del-atentado-a-miguel-uribe-deberan-responder-por-homicidio","status":"publish","type":"post","link":"https:\/\/samantharadionline.com\/index.php\/2025\/08\/11\/procesados-y-autores-intelectuales-del-atentado-a-miguel-uribe-deberan-responder-por-homicidio\/","title":{"rendered":"Procesados y autores intelectuales del atentado a Miguel Uribe deber\u00e1n responder por homicidio"},"content":{"rendered":"\n<p class=\"has-medium-font-size\"><em>V\u00edctor Mosquera, abogado de la familia de Miguel Uribe Turbay, est\u00e1 solicitando que se adicione el delito de terrorismo por ser la v\u00edctima un pol\u00edtico en ejercicio<\/em><\/p>\n\n\n\n<figure class=\"wp-block-image\"><img decoding=\"async\" src=\"https:\/\/listindiario.com\/files\/image_60_60\/uploads\/2024\/12\/24\/676b0971ca875.jpeg\" alt=\"Avatar del El Tiempo | GDA\"\/><\/figure>\n\n\n\n<p><em>\u00a0<\/em>El Tiempo | GDA, <strong>Colombia, Bogot\u00e1<\/strong><\/p>\n\n\n\n<p>Una de las repercusiones inmediatas de la noticia del fallecimiento del precandidato a la presidencia y\u00a0<strong>senador de la Rep\u00fablica<\/strong>,\u00a0<strong>Miguel Uribe Turbay<\/strong>, se registra en el campo judicial.\u00a0<\/p>\n\n\n\n<p>Es un hecho que de manera inmediata los procesos en contra de los involucrados cambiar\u00e1n de calificaci\u00f3n: de tentativa de<strong>&nbsp;homicidio agravado<\/strong>&nbsp;a homicidio agravado. De hecho, V\u00edctor Mosquera, abogado de la familia est\u00e1 solicitando que se adicione el delito de&nbsp;<strong>terrorismo<\/strong>&nbsp;por ser la v\u00edctima un pol\u00edtico en ejercicio, miembro del partido de oposici\u00f3n.<\/p>\n\n\n\n<p>Adem\u00e1s del aumento de las condenas, la<strong>\u00a0muerte de Miguel Uribe<\/strong>, tambi\u00e9n podr\u00eda llevar a algunos de los implicados a entregar los nombres de quienes dieron la orden ante las elevadas penas que les esperan.<\/p>\n\n\n\n<p>Los capturados son&nbsp;<strong>Elder Jos\u00e9 Arteaga<\/strong>, alias el Coste\u00f1o, coordinador del atentado;&nbsp;<strong>Katerine Mart\u00ednez<\/strong>, alias&nbsp;<strong>Gabriela<\/strong>, quien le entreg\u00f3 la Glock 9 mil\u00edmetros al sicario de 15 a\u00f1os;&nbsp;<strong>William Gonz\u00e1lez Cruz<\/strong>, alias el Viejo o el Hermano;&nbsp;<strong>Carlos Eduardo Mora<\/strong>, el conductor del Spark en el que le entregaron el arma al pistolero;&nbsp;<strong>Christian Gonz\u00e1lez Ardila<\/strong>, el hombre de la moto que sacar\u00eda de Modelia al sicario y el menor de 15 a\u00f1os que le dispar\u00f3 a Uribe Turbay.<\/p>\n\n\n\n<p>\u00abQue tristeza tan infinita, Colombia est\u00e1 de luto. Con la&nbsp;<strong>partida de Miguel Uribe&nbsp;<\/strong>se apaga una luz de inteligencia, disciplina, amabilidad, honestidad, verticalidad, sinceridad, fe y Fuerza. Que Dios reciba en su santa gloria a uno de sus hijos predilectos. Descanse en paz quien am\u00f3 a Colombia y trabaj\u00f3 incansablemente por transformarla Adi\u00f3s, Miguel. Mi mayor sentido p\u00e9same para toda su familia. Mucha fuerza en estos momentos. Qu\u00e9 dolor tu partida\u00bb, escribi\u00f3 el apoderado de la&nbsp;<strong>familia Uribe Turbay<\/strong>, el penalista V\u00edctor Mosquera.<\/p>\n","protected":false},"excerpt":{"rendered":"<p>V\u00edctor Mosquera, abogado de la familia de Miguel Uribe Turbay, est\u00e1 solicitando que se adicione<\/p>\n","protected":false},"author":1,"featured_media":18141,"comment_status":"open","ping_status":"open","sticky":false,"template":"","format":"standard","meta":{"footnotes":""},"categories":[4],"tags":[],"class_list":["post-18139","post","type-post","status-publish","format-standard","has-post-thumbnail","hentry","category-mundiales"],"_links":{"self":[{"href":"https:\/\/samantharadionline.com\/index.php\/wp-json\/wp\/v2\/posts\/18139","targetHints":{"allow":["GET"]}}],"collection":[{"href":"https:\/\/samantharadionline.com\/index.php\/wp-json\/wp\/v2\/posts"}],"about":[{"href":"https:\/\/samantharadionline.com\/index.php\/wp-json\/wp\/v2\/types\/post"}],"author":[{"embeddable":true,"href":"https:\/\/samantharadionline.com\/index.php\/wp-json\/wp\/v2\/users\/1"}],"replies":[{"embeddable":true,"href":"https:\/\/samantharadionline.com\/index.php\/wp-json\/wp\/v2\/comments?post=18139"}],"version-history":[{"count":1,"href":"https:\/\/samantharadionline.com\/index.php\/wp-json\/wp\/v2\/posts\/18139\/revisions"}],"predecessor-version":[{"id":18140,"href":"https:\/\/samantharadionline.com\/index.php\/wp-json\/wp\/v2\/posts\/18139\/revisions\/18140"}],"wp:featuredmedia":[{"embeddable":true,"href":"https:\/\/samantharadionline.com\/index.php\/wp-json\/wp\/v2\/media\/18141"}],"wp:attachment":[{"href":"https:\/\/samantharadionline.com\/index.php\/wp-json\/wp\/v2\/media?parent=18139"}],"wp:term":[{"taxonomy":"category","embeddable":true,"href":"https:\/\/samantharadionline.com\/index.php\/wp-json\/wp\/v2\/categories?post=18139"},{"taxonomy":"post_tag","embeddable":true,"href":"https:\/\/samantharadionline.com\/index.php\/wp-json\/wp\/v2\/tags?post=18139"}],"curies":[{"name":"wp","href":"https:\/\/api.w.org\/{rel}","templated":true}]}}