{"id":18137,"date":"2025-08-11T09:40:57","date_gmt":"2025-08-11T13:40:57","guid":{"rendered":"https:\/\/samantharadionline.com\/?p=18137"},"modified":"2025-08-11T09:44:45","modified_gmt":"2025-08-11T13:44:45","slug":"muere-miguel-uribe-turbay-el-senador-y-precandidato-presidencial-colombiano-herido-en-atentado","status":"publish","type":"post","link":"https:\/\/samantharadionline.com\/index.php\/2025\/08\/11\/muere-miguel-uribe-turbay-el-senador-y-precandidato-presidencial-colombiano-herido-en-atentado\/","title":{"rendered":"Muere Miguel Uribe Turbay, el senador y precandidato presidencial colombiano herido en atentado"},"content":{"rendered":"\n<p class=\"has-medium-font-size\"><em>Uribe Turbay, de 39 a\u00f1os y senador del partido de derecha Centro Democr\u00e1tico, estaba ingresado en la cl\u00ednica Fundaci\u00f3n Santa Fe de Bogot\u00e1<\/em><\/p>\n\n\n\n<figure class=\"wp-block-image\"><img decoding=\"async\" src=\"https:\/\/listindiario.com\/files\/image_60_60\/uploads\/2023\/05\/23\/646cd02f4f53e.jpeg\" alt=\"Avatar del Agencia EFE\"\/><\/figure>\n\n\n\n<p><em>\u00a0<\/em>Agencia EFE, <strong>Bogot\u00e1, Colombia<\/strong><\/p>\n\n\n\n<p>El senador y aspirante presidencial\u00a0<strong>colombiano\u00a0Miguel Uribe Turbay<\/strong>, herido gravemente en la cabeza en un atentado el pasado 7 de junio en Bogot\u00e1, muri\u00f3 este lunes, inform\u00f3 su esposa,\u00a0<strong>Mar\u00eda Claudia Tarazona.<\/strong><\/p>\n\n\n\n<p>\u00abPido a Dios me muestre el camino para aprender a vivir sin ti\u00bb,&nbsp;<strong>escribi\u00f3 Tarazona&nbsp;<\/strong>en sus redes sociales, en donde agreg\u00f3: \u00abDescansa en paz amor de mi vida, yo cuidar\u00e9 a nuestros hijos\u00bb, junto con una foto de ambos.<\/p>\n\n\n\n<p><strong>Uribe Turbay, de 39 a\u00f1os&nbsp;<\/strong>y senador del partido de derecha Centro Democr\u00e1tico, estaba ingresado desde el d\u00eda del atentado en la cl\u00ednica&nbsp;<strong>Fundaci\u00f3n Santa Fe de Bogot\u00e1&nbsp;<\/strong>donde fue sometido a varias intervenciones quir\u00fargicas y aunque lleg\u00f3 a tener alguna mejor\u00eda, nunca super\u00f3 el&nbsp;<strong>estado cr\u00edtico.<\/strong><\/p>\n\n\n\n<figure class=\"wp-block-image\" id=\"m36924-36923-36925\"><img decoding=\"async\" src=\"https:\/\/listindiario.com\/files\/vertical_main_image\/uploads\/2025\/07\/06\/686b22073ffda.jpeg\" alt=\"Personas oran en un altar improvisado frente a la Fundaci\u00f3n Santa Fe\"\/><figcaption class=\"wp-element-caption\">BOG400. BOGOT\u00c1 (COLOMBIA), 06\/07\/2025.- Personas oran en un altar improvisado frente a la Fundaci\u00f3n Santa Fe, lugar donde permanece hospitalizado el senador colombiano Miguel Uribe Turbay, este domingo en Bogot\u00e1 (Colombia)EFE<\/figcaption><\/figure>\n\n\n\n<p>El pasado s\u00e1bado, la\u00a0<strong>Santa Fe<\/strong>\u00a0inform\u00f3 de que el pol\u00edtico hab\u00eda sufrido una hemorragia en el sistema nervioso que agrav\u00f3 su estado de salud. <\/p>\n\n\n\n<p>\u00abEn las \u00faltimas 48 horas su estado cl\u00ednico revirti\u00f3 a una condici\u00f3n cr\u00edtica, debido a un episodio de&nbsp;<strong>hemorragia en el sistema nervioso central<\/strong>. Esta condici\u00f3n requiri\u00f3 nuevos procedimientos neuroquir\u00fargicos de urgencia que han logrado estabilizarlo\u00bb, dijo la Fundaci\u00f3n en un parte m\u00e9dico hace dos d\u00edas.<\/p>\n\n\n\n<p><strong>Uribe Turbay<\/strong>&nbsp;recibi\u00f3 dos disparos en la cabeza y uno en la pierna izquierda cuando encabezaba un mitin pol\u00edtico en un parque del&nbsp;<strong>barrio bogotano de Modelia&nbsp;<\/strong>como parte de su actividad pol\u00edtica de cara a las elecciones presidenciales de 2026, en las que aspiraba a obtener la nominaci\u00f3n del Centro Democr\u00e1tico.<\/p>\n\n\n\n<figure class=\"wp-block-image\" id=\"m36941-36940-36942\"><img decoding=\"async\" src=\"https:\/\/listindiario.com\/files\/vertical_main_image\/uploads\/2025\/07\/06\/686aed84c851e.png\" alt=\"Cientos de personas corren en Colombia por la salud de Miguel Uribe\"\/><figcaption class=\"wp-element-caption\">Cientos de personas corren en Colombia por la salud de Miguel UribeFuente externa<\/figcaption><\/figure>\n\n\n\n<p>\u00ab<strong>Nuestro amor trasciende este plano f\u00edsico<\/strong>. Esp\u00e9rame, que cuando cumpla mi promesa con nuestros hijos, ir\u00e9 a buscarte y tendremos nuestra segunda oportunidad\u00bb, agreg\u00f3 en su mensaje su&nbsp;<strong>esposa<\/strong>, quien frecuentemente ha usado las&nbsp;<strong>redes sociales&nbsp;<\/strong>para informar de su estado de salud y pedir oraciones por su recuperaci\u00f3n.<\/p>\n","protected":false},"excerpt":{"rendered":"<p>Uribe Turbay, de 39 a\u00f1os y senador del partido de derecha Centro Democr\u00e1tico, estaba ingresado<\/p>\n","protected":false},"author":1,"featured_media":18142,"comment_status":"open","ping_status":"open","sticky":false,"template":"","format":"standard","meta":{"footnotes":""},"categories":[4],"tags":[],"class_list":["post-18137","post","type-post","status-publish","format-standard","has-post-thumbnail","hentry","category-mundiales"],"_links":{"self":[{"href":"https:\/\/samantharadionline.com\/index.php\/wp-json\/wp\/v2\/posts\/18137","targetHints":{"allow":["GET"]}}],"collection":[{"href":"https:\/\/samantharadionline.com\/index.php\/wp-json\/wp\/v2\/posts"}],"about":[{"href":"https:\/\/samantharadionline.com\/index.php\/wp-json\/wp\/v2\/types\/post"}],"author":[{"embeddable":true,"href":"https:\/\/samantharadionline.com\/index.php\/wp-json\/wp\/v2\/users\/1"}],"replies":[{"embeddable":true,"href":"https:\/\/samantharadionline.com\/index.php\/wp-json\/wp\/v2\/comments?post=18137"}],"version-history":[{"count":1,"href":"https:\/\/samantharadionline.com\/index.php\/wp-json\/wp\/v2\/posts\/18137\/revisions"}],"predecessor-version":[{"id":18138,"href":"https:\/\/samantharadionline.com\/index.php\/wp-json\/wp\/v2\/posts\/18137\/revisions\/18138"}],"wp:featuredmedia":[{"embeddable":true,"href":"https:\/\/samantharadionline.com\/index.php\/wp-json\/wp\/v2\/media\/18142"}],"wp:attachment":[{"href":"https:\/\/samantharadionline.com\/index.php\/wp-json\/wp\/v2\/media?parent=18137"}],"wp:term":[{"taxonomy":"category","embeddable":true,"href":"https:\/\/samantharadionline.com\/index.php\/wp-json\/wp\/v2\/categories?post=18137"},{"taxonomy":"post_tag","embeddable":true,"href":"https:\/\/samantharadionline.com\/index.php\/wp-json\/wp\/v2\/tags?post=18137"}],"curies":[{"name":"wp","href":"https:\/\/api.w.org\/{rel}","templated":true}]}}