{"id":18126,"date":"2025-08-10T21:35:23","date_gmt":"2025-08-11T01:35:23","guid":{"rendered":"https:\/\/samantharadionline.com\/?p=18126"},"modified":"2025-08-10T21:35:24","modified_gmt":"2025-08-11T01:35:24","slug":"investigan-incendio-que-destruyo-mas-de-50-vehiculos-y-otros-dos-siniestros-en-sfm","status":"publish","type":"post","link":"https:\/\/samantharadionline.com\/index.php\/2025\/08\/10\/investigan-incendio-que-destruyo-mas-de-50-vehiculos-y-otros-dos-siniestros-en-sfm\/","title":{"rendered":"Investigan incendio que destruy\u00f3 m\u00e1s de 50 veh\u00edculos y otros dos siniestros en SFM"},"content":{"rendered":"\n<p class=\"has-medium-font-size\"><em>Un equipo del Ministerio P\u00fablico y agentes de la Polic\u00eda Nacional trabajan junto al Cuerpo de Bomberos en la recolecci\u00f3n de testimonios y la inspecci\u00f3n de la zona afectada<\/em><\/p>\n\n\n\n<figure class=\"wp-block-image\"><img decoding=\"async\" src=\"https:\/\/listindiario.com\/files\/image_60_60\/uploads\/2023\/05\/11\/645cf84d86d11.png\" alt=\"Avatar del Indira V\u00e1squez\"\/><\/figure>\n\n\n\n<p><em>\u00a0<\/em>Indira V\u00e1squez, <strong>San Francisco de Macor\u00eds, RD<\/strong><\/p>\n\n\n\n<p>Las autoridades del distrito municipal de Aguayo, en la provincia&nbsp;<strong>Duarte<\/strong>, investigan las causas de un&nbsp;<strong>incendio de gran magnitud&nbsp;<\/strong>que este s\u00e1bado al mediod\u00eda arras\u00f3 con m\u00e1s de 50 veh\u00edculos de distintas marcas y modelos, ocasionando cuantiosas p\u00e9rdidas econ\u00f3micas.<\/p>\n\n\n\n<p>\u201cQue se prendi\u00f3 todo, pusieron unos asientos de veh\u00edculos a quemarse y se descuidaron y r\u00e1pidamente todo cogi\u00f3 candela\u201d, explic\u00f3&nbsp;<strong>Rogelio Hern\u00e1ndez<\/strong>, propietario de&nbsp;<strong>Repuesto y Rent A Car Modeley<\/strong>, donde se produjo el incendio.<\/p>\n\n\n\n<p>Sin embargo, las autoridades han iniciado un levantamiento de evidencias para determinar las circunstancias exactas en que se origin\u00f3 el fuego.&nbsp;<\/p>\n\n\n\n<p>Un equipo del&nbsp;<strong>Ministerio P\u00fablico&nbsp;<\/strong>y agentes de la&nbsp;<strong>Polic\u00eda Nacional<\/strong>&nbsp;trabajan junto al Cuerpo de Bomberos en la recolecci\u00f3n de testimonios y la inspecci\u00f3n de la zona afectada.<\/p>\n\n\n\n<p>A pesar de la intensidad de las llamas, las unidades de bomberos llegaron de manera oportuna y lograron evitar que el incendio se extendiera a negocios cercanos o a viviendas de la zona. No obstante, varios de los veh\u00edculos quedaron completamente reducidos a cenizas.&nbsp;<\/p>\n\n\n\n<p>\u201cSon m\u00e1s de 4 millones de pesos que yo perd\u00ed en este fuego\u201d, afirma Hern\u00e1ndez.<\/p>\n\n\n\n<p>Vecinos y curiosos se aglomeraron en el \u00e1rea mientras los bomberos combat\u00edan el fuego, grabando videos que circularon r\u00e1pidamente en redes sociales y mostraban la magnitud del desastre.<\/p>\n\n\n\n<p>Las p\u00e9rdidas materiales, que podr\u00edan ascender a millones de pesos, est\u00e1n siendo cuantificadas por peritos designados.<\/p>\n\n\n\n<p>Hasta el momento no se han reportado personas heridas, pero la magnitud del incendio ha generado preocupaci\u00f3n en la comunidad, que espera los resultados de la investigaci\u00f3n oficial para conocer con certeza qu\u00e9 provoc\u00f3 la tragedia.<\/p>\n\n\n\n<p>Este es el tercer incendio de gran magnitud que se ha reportado en&nbsp;<strong>San Francisco de Macor\u00eds<\/strong>&nbsp;en las \u00faltimas semanas; el mi\u00e9rcoles pasado un fuego de gran magnitud afect\u00f3&nbsp;<strong>Ferreter\u00eda Hilario<\/strong>, ubicada en la avenida Bienvenido Fuerte Marte.<\/p>\n\n\n\n<p><strong>Lea tambi\u00e9n<\/strong><\/p>\n\n\n\n<p>El fuego consumi\u00f3 por completo el \u00e1rea del almac\u00e9n, donde se encontraban materiales altamente inflamables como pinturas, diluyentes, thinners,&nbsp;<strong>pl\u00e1sticos&nbsp;<\/strong>y&nbsp;<strong>cilindros de gas<\/strong>.<\/p>\n\n\n\n<p>El incendio se prolong\u00f3 por m\u00e1s de 20 horas ininterrumpidas y cont\u00f3 con un equipo de rescate de 53 bomberos de San Francisco de Macor\u00eds y la regi\u00f3n.<\/p>\n\n\n\n<p><strong>Vista al Valle<\/strong>, el pasado martes, fue el escenario de un&nbsp;<strong>incendio<\/strong>&nbsp;que afect\u00f3 al menos cuatro establecimientos comerciales: una&nbsp;<strong>tienda de repuestos<\/strong>, una&nbsp;<strong>pollera<\/strong>, un&nbsp;<strong>taller de mec\u00e1nica<\/strong>&nbsp;y una&nbsp;<strong>panader\u00eda<\/strong>, que resultaron completamente destruidos. As\u00ed, como varios veh\u00edculos y motocicletas que se encontraban en el entorno.<\/p>\n","protected":false},"excerpt":{"rendered":"<p>Un equipo del Ministerio P\u00fablico y agentes de la Polic\u00eda Nacional trabajan junto al Cuerpo<\/p>\n","protected":false},"author":1,"featured_media":18127,"comment_status":"open","ping_status":"open","sticky":false,"template":"","format":"standard","meta":{"footnotes":""},"categories":[12],"tags":[],"class_list":["post-18126","post","type-post","status-publish","format-standard","has-post-thumbnail","hentry","category-nacionales"],"_links":{"self":[{"href":"https:\/\/samantharadionline.com\/index.php\/wp-json\/wp\/v2\/posts\/18126","targetHints":{"allow":["GET"]}}],"collection":[{"href":"https:\/\/samantharadionline.com\/index.php\/wp-json\/wp\/v2\/posts"}],"about":[{"href":"https:\/\/samantharadionline.com\/index.php\/wp-json\/wp\/v2\/types\/post"}],"author":[{"embeddable":true,"href":"https:\/\/samantharadionline.com\/index.php\/wp-json\/wp\/v2\/users\/1"}],"replies":[{"embeddable":true,"href":"https:\/\/samantharadionline.com\/index.php\/wp-json\/wp\/v2\/comments?post=18126"}],"version-history":[{"count":1,"href":"https:\/\/samantharadionline.com\/index.php\/wp-json\/wp\/v2\/posts\/18126\/revisions"}],"predecessor-version":[{"id":18128,"href":"https:\/\/samantharadionline.com\/index.php\/wp-json\/wp\/v2\/posts\/18126\/revisions\/18128"}],"wp:featuredmedia":[{"embeddable":true,"href":"https:\/\/samantharadionline.com\/index.php\/wp-json\/wp\/v2\/media\/18127"}],"wp:attachment":[{"href":"https:\/\/samantharadionline.com\/index.php\/wp-json\/wp\/v2\/media?parent=18126"}],"wp:term":[{"taxonomy":"category","embeddable":true,"href":"https:\/\/samantharadionline.com\/index.php\/wp-json\/wp\/v2\/categories?post=18126"},{"taxonomy":"post_tag","embeddable":true,"href":"https:\/\/samantharadionline.com\/index.php\/wp-json\/wp\/v2\/tags?post=18126"}],"curies":[{"name":"wp","href":"https:\/\/api.w.org\/{rel}","templated":true}]}}