{"id":18123,"date":"2025-08-10T12:28:34","date_gmt":"2025-08-10T16:28:34","guid":{"rendered":"https:\/\/samantharadionline.com\/?p=18123"},"modified":"2025-08-10T12:28:35","modified_gmt":"2025-08-10T16:28:35","slug":"tres-meses-en-estado-de-emergencia","status":"publish","type":"post","link":"https:\/\/samantharadionline.com\/index.php\/2025\/08\/10\/tres-meses-en-estado-de-emergencia\/","title":{"rendered":"Tres meses en estado de emergencia"},"content":{"rendered":"\n<p class=\"has-medium-font-size\"><em>Esta decisi\u00f3n se inscribe en el marco de una serie de decisiones adoptadas en las \u00faltimas horas por las autoridades del pa\u00eds, con el fin de hacer frente a la crisis de seguridad a pocos meses de las elecciones previstas para finales de este a\u00f1o.<\/em><\/p>\n\n\n\n<figure class=\"wp-block-image\"><img decoding=\"async\" src=\"https:\/\/listindiario.com\/files\/image_60_60\/uploads\/2023\/05\/23\/646cd02f4f53e.jpeg\" alt=\"Avatar del Agencia EFE\"\/><\/figure>\n\n\n\n<p><em>\u00a0<\/em>Agencia EFE, <strong>Puerto Pr\u00edncipe, Hait\u00ed<\/strong><\/p>\n\n\n\n<p>El Consejo Presidencial de Transici\u00f3n de Hait\u00ed (CPT) y el Gobierno declararon el estado de emergencia durante tres meses en las regiones Oeste, Artibonite y Centro, departamentos que llevan varios meses sufriendo la violencia de las bandas criminales que azotan desde hace a\u00f1os el pa\u00eds caribe\u00f1o.<\/p>\n\n\n\n<p>En un comunicado al que tuvo acceso EFE este domingo, el CPT se\u00f1al\u00f3 que esta decisi\u00f3n tiene por objeto conceder a las autoridades competentes el tiempo y los medios necesarios para&nbsp;<strong>restablecer la seguridad y la paz<\/strong>.<\/p>\n\n\n\n<p>Ante la magnitud de esta crisis, \u00abes imperativo decretar una gran movilizaci\u00f3n de los recursos y medios institucionales del Estado para remediarla\u00bb, se\u00f1al\u00f3.<\/p>\n\n\n\n<p>Esta decisi\u00f3n se inscribe en el marco de una serie de decisiones adoptadas en las \u00faltimas horas por las autoridades del pa\u00eds, con el fin de hacer frente a la crisis de seguridad a&nbsp;<strong>pocos meses de las elecciones previstas para finales de este a\u00f1o<\/strong>.<\/p>\n\n\n\n<p>En el comunicado, el CPT y el Gobierno subrayaron su \u00abfirme determinaci\u00f3n de adoptar todas las medidas urgentes y necesarias para restablecer la seguridad, garantizar el buen funcionamiento de las instituciones de la Rep\u00fablica y restaurar la dignidad nacional\u00bb.<\/p>\n\n\n\n<p>El pasado jueves, al asumir la presidencia rotativa del CPT, Laurent Saint-Cyr declar\u00f3 la guerra a las bandas armadas que aterrorizan a la poblaci\u00f3n y pidi\u00f3 a la comunidad internacional enviar m\u00e1s soldados al pa\u00eds.<\/p>\n\n\n\n<p>\u00abLas bandas no tendr\u00e1n la \u00faltima palabra\u00bb, advirti\u00f3 el representante del sector privado en el Consejo, cuyo mandato&nbsp;<strong>de seis meses concluye el 7 de febrero de 2026<\/strong>, con la investidura de nuevas autoridades en un contexto en el que las elecciones previstas para finales de este a\u00f1o est\u00e1n en un punto muerto.<\/p>\n\n\n\n<p>\u00abDebemos luchar contra estos grupos criminales hasta erradicarlos, para que el pueblo pueda respirar\u00bb, expres\u00f3.<\/p>\n\n\n\n<p>Pidi\u00f3 a los socios internacionales de Hait\u00ed que aumenten su apoyo al pa\u00eds, env\u00eden m\u00e1s soldados y proporcionen mucha m\u00e1s formaci\u00f3n.<\/p>\n\n\n\n<p>En el pa\u00eds opera la Misi\u00f3n Multinacional de Apoyo a la Seguridad en Hait\u00ed (MSS) que, liderada por Kenia, la integran polic\u00edas de varias naciones -y soldados en menor cantidad- pero que en la pr\u00e1ctica no ha podido frenar el avance de las bandas que controlan el 90 % de Puerto Pr\u00edncipe y se han desplazado a otras zonas.<\/p>\n\n\n\n<p>Horas antes de su juramentaci\u00f3n, el l\u00edder de bandas m\u00e1s poderoso de Hait\u00ed, Jimmy Cherisier, alias Barbecue, afirm\u00f3 que<strong>&nbsp;derrocar\u00eda al Consejo Presidencial de Transici\u00f3n<\/strong>.<\/p>\n\n\n\n<p>Al menos 1.520 personas fueron asesinadas y 609 resultaron heridas durante el segundo trimestre del a\u00f1o en Hait\u00ed, principalmente en la zona metropolitana de Puerto Pr\u00edncipe, en su mayor\u00eda perpetrados por bandas criminales, seg\u00fan un informe publicado recientemente por la Oficina Integrada de la ONU en el pa\u00eds (Binhu, en franc\u00e9s), que calific\u00f3 de \u00abextremadamente preocupante\u00bb la situaci\u00f3n de los derechos humanos en la naci\u00f3n isle\u00f1a.<\/p>\n","protected":false},"excerpt":{"rendered":"<p>Esta decisi\u00f3n se inscribe en el marco de una serie de decisiones adoptadas en las<\/p>\n","protected":false},"author":1,"featured_media":18124,"comment_status":"open","ping_status":"open","sticky":false,"template":"","format":"standard","meta":{"footnotes":""},"categories":[4],"tags":[],"class_list":["post-18123","post","type-post","status-publish","format-standard","has-post-thumbnail","hentry","category-mundiales"],"_links":{"self":[{"href":"https:\/\/samantharadionline.com\/index.php\/wp-json\/wp\/v2\/posts\/18123","targetHints":{"allow":["GET"]}}],"collection":[{"href":"https:\/\/samantharadionline.com\/index.php\/wp-json\/wp\/v2\/posts"}],"about":[{"href":"https:\/\/samantharadionline.com\/index.php\/wp-json\/wp\/v2\/types\/post"}],"author":[{"embeddable":true,"href":"https:\/\/samantharadionline.com\/index.php\/wp-json\/wp\/v2\/users\/1"}],"replies":[{"embeddable":true,"href":"https:\/\/samantharadionline.com\/index.php\/wp-json\/wp\/v2\/comments?post=18123"}],"version-history":[{"count":1,"href":"https:\/\/samantharadionline.com\/index.php\/wp-json\/wp\/v2\/posts\/18123\/revisions"}],"predecessor-version":[{"id":18125,"href":"https:\/\/samantharadionline.com\/index.php\/wp-json\/wp\/v2\/posts\/18123\/revisions\/18125"}],"wp:featuredmedia":[{"embeddable":true,"href":"https:\/\/samantharadionline.com\/index.php\/wp-json\/wp\/v2\/media\/18124"}],"wp:attachment":[{"href":"https:\/\/samantharadionline.com\/index.php\/wp-json\/wp\/v2\/media?parent=18123"}],"wp:term":[{"taxonomy":"category","embeddable":true,"href":"https:\/\/samantharadionline.com\/index.php\/wp-json\/wp\/v2\/categories?post=18123"},{"taxonomy":"post_tag","embeddable":true,"href":"https:\/\/samantharadionline.com\/index.php\/wp-json\/wp\/v2\/tags?post=18123"}],"curies":[{"name":"wp","href":"https:\/\/api.w.org\/{rel}","templated":true}]}}