{"id":18117,"date":"2025-08-10T09:46:35","date_gmt":"2025-08-10T13:46:35","guid":{"rendered":"https:\/\/samantharadionline.com\/?p=18117"},"modified":"2025-08-10T09:46:36","modified_gmt":"2025-08-10T13:46:36","slug":"maestros-eligieron-lugar-de-docencia-en-banco-de-elegibles","status":"publish","type":"post","link":"https:\/\/samantharadionline.com\/index.php\/2025\/08\/10\/maestros-eligieron-lugar-de-docencia-en-banco-de-elegibles\/","title":{"rendered":"Maestros eligieron lugar de docencia en banco de elegibles"},"content":{"rendered":"\n<p class=\"has-medium-font-size\"><em>La asignaci\u00f3n de plazas se efectu\u00f3 \u00fanicamente entre quienes completaron este proceso, sin que se aplicara traslado alguno fuera de este mecanismo voluntario<\/em><\/p>\n\n\n\n<figure class=\"wp-block-image\"><img decoding=\"async\" src=\"https:\/\/listindiario.com\/files\/image_60_60\/uploads\/2024\/01\/03\/6595dbcf057b9.jpeg\" alt=\"Avatar del Nicole Collado\"\/><\/figure>\n\n\n\n<p><em>\u00a0<\/em>Nicole Collado, <strong>Santo Domingo, RD<\/strong><\/p>\n\n\n\n<p>El\u00a0<strong>Ministerio de Educaci\u00f3n\u00a0<\/strong>explic\u00f3, que los profesores que se postularon para formar parte del\u00a0<strong>banco de elegibles<\/strong>\u00a0a las vacantes del\u00a0<strong>a\u00f1o escolar 2025-2026<\/strong>\u00a0lo hicieron de forma voluntaria.<\/p>\n\n\n\n<p>\u00abTodo el que particip\u00f3 fue de manera voluntaria, eso era un proceso de autopostulaci\u00f3n. O sea, t\u00fa te eleg\u00edas t\u00fa mismo donde t\u00fa quer\u00edas (impartir la docencia)\u00bb, detall\u00f3 la entidad.<\/p>\n\n\n\n<p>El&nbsp;<strong>Minerd&nbsp;<\/strong>agreg\u00f3 que el proceso para la autopostulaci\u00f3n de los candidatos del Registro de Elegibles permiti\u00f3 que cada docente seleccionara, seg\u00fan su inter\u00e9s, m\u00e1s de una opci\u00f3n de distritos educativos con vacantes en el perfil por el que concurs\u00f3.<\/p>\n\n\n\n<p>La asignaci\u00f3n de plazas se efectu\u00f3 \u00fanicamente entre quienes completaron este proceso, sin que se aplicara traslado alguno fuera de este mecanismo voluntario.<\/p>\n\n\n\n<p>Para la primera convocatoria de maestros, Educaci\u00f3n dispuso 5,153 plazas disponibles en diferentes regionales y distritos educativos del pa\u00eds. Para la segunda convocatoria, fueron 3,723 las vacantes habilitadas, estas fueron las que no obtuvieron plaza en la primera fase del proceso.<\/p>\n\n\n\n<p>Estas declaraciones fueron ofrecidas tras las denuncias presentadas por las seccionales de la&nbsp;<strong>Asociaci\u00f3n Dominicana de Profesores&nbsp;<\/strong>(<strong>ADP<\/strong>) de las provincias&nbsp;<strong>Santiago Rodr\u00edguez&nbsp;<\/strong>y&nbsp;<strong>La Vega<\/strong>.<\/p>\n\n\n\n<p><strong>Lea tambi\u00e9n<\/strong><\/p>\n\n\n\n<p>Expresaron que varios de los maestros que esperaban recibir su nombramiento en las comunidades donde residen se vieron en la necesidad de aceptar plazas en otras zonas del pa\u00eds. Detallaron que esto se debe a la falta de oportunidades que hay en sus localidades, a pesar de supuestamente contar con las vacantes disponibles.<\/p>\n\n\n\n<p>Uno de estos casos fue el de \u00c1ngel Cuello, presidente de la ADP de Sabaneta. Denunci\u00f3 que m\u00e1s de 6,000 maestros permanecen en el banco de elegibles, esperando ser nombrados, a pesar de haber aprobado el concurso.<\/p>\n\n\n\n<p>En el caso de La Vega, el presidente del gremio, Mario Acevedo, asegur\u00f3 que existen plazas disponibles tanto en primaria como en secundaria, pero que no han sido habilitadas formalmente por el Ministerio de Educaci\u00f3n.<\/p>\n\n\n\n<p>Acevedo agreg\u00f3 que esta situaci\u00f3n caus\u00f3 que varios docentes, que aprobaron los concursos recientes, se marcharan a otras provincias como San Juan, Azua o las que se encuentran en la zona fronteriza del pa\u00eds, habiendo plazas disponibles.<\/p>\n\n\n\n<p>\u201cMuchos maestros estaban esperando un nombramiento en su regi\u00f3n, pero al no ser tomados en cuenta, se han visto obligados a desplazarse diariamente hacia otros puntos del pa\u00eds, e incluso a mudarse temporalmente\u201d, expres\u00f3 el Acevedo.<\/p>\n\n\n\n<p>Este tema fue calificado como injusto, ya que los docentes desean impartir docencia en sus ciudades natales, pero debido a que tendr\u00e1n que ir a otros lugares, no podr\u00e1n.<\/p>\n","protected":false},"excerpt":{"rendered":"<p>La asignaci\u00f3n de plazas se efectu\u00f3 \u00fanicamente entre quienes completaron este proceso, sin que se<\/p>\n","protected":false},"author":1,"featured_media":18118,"comment_status":"open","ping_status":"open","sticky":false,"template":"","format":"standard","meta":{"footnotes":""},"categories":[12],"tags":[],"class_list":["post-18117","post","type-post","status-publish","format-standard","has-post-thumbnail","hentry","category-nacionales"],"_links":{"self":[{"href":"https:\/\/samantharadionline.com\/index.php\/wp-json\/wp\/v2\/posts\/18117","targetHints":{"allow":["GET"]}}],"collection":[{"href":"https:\/\/samantharadionline.com\/index.php\/wp-json\/wp\/v2\/posts"}],"about":[{"href":"https:\/\/samantharadionline.com\/index.php\/wp-json\/wp\/v2\/types\/post"}],"author":[{"embeddable":true,"href":"https:\/\/samantharadionline.com\/index.php\/wp-json\/wp\/v2\/users\/1"}],"replies":[{"embeddable":true,"href":"https:\/\/samantharadionline.com\/index.php\/wp-json\/wp\/v2\/comments?post=18117"}],"version-history":[{"count":1,"href":"https:\/\/samantharadionline.com\/index.php\/wp-json\/wp\/v2\/posts\/18117\/revisions"}],"predecessor-version":[{"id":18119,"href":"https:\/\/samantharadionline.com\/index.php\/wp-json\/wp\/v2\/posts\/18117\/revisions\/18119"}],"wp:featuredmedia":[{"embeddable":true,"href":"https:\/\/samantharadionline.com\/index.php\/wp-json\/wp\/v2\/media\/18118"}],"wp:attachment":[{"href":"https:\/\/samantharadionline.com\/index.php\/wp-json\/wp\/v2\/media?parent=18117"}],"wp:term":[{"taxonomy":"category","embeddable":true,"href":"https:\/\/samantharadionline.com\/index.php\/wp-json\/wp\/v2\/categories?post=18117"},{"taxonomy":"post_tag","embeddable":true,"href":"https:\/\/samantharadionline.com\/index.php\/wp-json\/wp\/v2\/tags?post=18117"}],"curies":[{"name":"wp","href":"https:\/\/api.w.org\/{rel}","templated":true}]}}