{"id":18108,"date":"2025-08-09T12:19:21","date_gmt":"2025-08-09T16:19:21","guid":{"rendered":"https:\/\/samantharadionline.com\/?p=18108"},"modified":"2025-08-09T12:19:22","modified_gmt":"2025-08-09T16:19:22","slug":"lo-dificil-que-es-un-entierro-en-haiti","status":"publish","type":"post","link":"https:\/\/samantharadionline.com\/index.php\/2025\/08\/09\/lo-dificil-que-es-un-entierro-en-haiti\/","title":{"rendered":"Lo dif\u00edcil que es un entierro en Hait\u00ed"},"content":{"rendered":"\n<p class=\"has-medium-font-size\"><em>El Gran Cementerio de Puerto Pr\u00edncipe, fundado hace m\u00e1s de 250 a\u00f1os, es hoy una zona bajo el dominio de las bandas<\/em><\/p>\n\n\n\n<figure class=\"wp-block-image\"><img decoding=\"async\" src=\"https:\/\/listindiario.com\/files\/image_60_60\/uploads\/2023\/05\/23\/646cd02f4f53e.jpeg\" alt=\"Avatar del Agencia EFE\"\/><\/figure>\n\n\n\n<p><em>\u00a0<\/em>Agencia EFE, <strong>Puerto Pr\u00edncipe, Hait\u00ed.<\/strong><\/p>\n\n\n\n<p>Los haitianos en medio del luto se debaten entre el dolor, la resistencia y las negociaciones con criminales. Desde 2024, cementerios hist\u00f3ricos como el&nbsp;<strong>Gran Cementerio de Puerto Pr\u00edncipe<\/strong>&nbsp;han sido tomados por bandas que extorsionan a los dolientes y las familias ya no pueden enterrar a sus muertos sin pagar un precio alt\u00edsimo.<\/p>\n\n\n\n<p>\u201cEstamos asistiendo a una transformaci\u00f3n radical del duelo haitiano. Las pr\u00e1cticas colectivas que daban sentido a la muerte han sido desmanteladas por la l\u00f3gica del miedo y la extorsi\u00f3n. Es la muerte de la muerte,\u201d advierte&nbsp;<strong>Jean Wilner Jacques<\/strong>, doctor en antropolog\u00eda y experto en cultura funeraria caribe\u00f1a.<\/p>\n\n\n\n<p><strong>Lea tambi\u00e9n<\/strong><\/p>\n\n\n\n<p>A solo unos metros de la&nbsp;<strong>Avenida Jean-Jacques Dessalines<\/strong>, en el coraz\u00f3n de&nbsp;<strong>Puerto Pr\u00edncipe<\/strong>, la vida se ha esfumado de la&nbsp;<strong>Rue de l\u2019Enterrement<\/strong>, el tradicional epicentro de los servicios funerarios, seg\u00fan testimonios recogidos desde hace meses en la zona.<\/p>\n\n\n\n<p>Las puertas met\u00e1licas de las funerarias est\u00e1n cerradas, los&nbsp;<strong>\u201ccorbillards\u201d<\/strong>&nbsp;(autos f\u00fanebres) ya no circulan, y el silencio es interrumpido solo por el paso ocasional de una ambulancia que se esconde en callejuelas vecinas para evitar miradas criminales.<\/p>\n\n\n\n<p>\u201cDesde febrero de 2024 no hemos podido trabajar. Los ataques armados destruyeron nuestras oficinas\u201d, cuenta el responsable de una funeraria en la calle&nbsp;<strong>Fleury Battier<\/strong>.<\/p>\n\n\n\n<p>\u201cAhora, para cada entierro, debemos contactar con el grupo armado que controla el cementerio. Solo as\u00ed evitamos un incidente el d\u00eda del funeral,\u201d explica el encargado, quien no da su nombre por temor a represalias.<\/p>\n\n\n\n<p>El Gran Cementerio de Puerto Pr\u00edncipe, fundado hace m\u00e1s de 250 a\u00f1os, es hoy una zona bajo el dominio de las bandas.<\/p>\n\n\n\n<p>\u201cLa municipalidad ya no cobra tasas. Todo se paga a los grupos armados. Hasta 2.000&nbsp;<strong>gourdes&nbsp;<\/strong>(15 d\u00f3lares) solo por entrar con el cuerpo\u201d, asegura el mismo responsable de la funeraria.<\/p>\n\n\n\n<p>Los rituales tradicionales, la m\u00fasica y los familiares en procesi\u00f3n han desaparecido.<\/p>\n\n\n\n<p>\u201cSolo dos personas pueden acompa\u00f1ar el ata\u00fad. Todo lo dem\u00e1s es demasiado peligroso\u201d, agreg\u00f3.<\/p>\n\n\n\n<h3 class=\"wp-block-heading\">\u201cPagamos por enterrar\u201d: historias de dolor<\/h3>\n\n\n\n<p><strong>Mireille<\/strong>, una mujer de 52 a\u00f1os, cuenta con voz baja la historia de su madre fallecida en enero de 2025.<\/p>\n\n\n\n<p>\u201cMuri\u00f3 en casa, en&nbsp;<strong>Carrefour-Feuilles<\/strong>. Tuvimos que pagar 50.000 gourdes (318 d\u00f3lares) por un espacio en el cementerio de&nbsp;<strong>Turgeau<\/strong>. No pudimos usar el nicho familiar del Gran Cementerio porque est\u00e1 en manos de los bandidos.\u201d<\/p>\n\n\n\n<p>Las bandas no solo controlan los cementerios. Tambi\u00e9n han impuesto peajes en las rutas de acceso.<\/p>\n\n\n\n<p>\u201cSolo para llevar un cad\u00e1ver hasta Carrefour necesito al menos 15.000 gourdes (114 d\u00f3lares) para pasar los puestos ilegales\u201d, explica otro empresario funerario.<\/p>\n\n\n\n<p>\u201cEn 2021, pod\u00edas organizar un funeral con 100.000 gourdes (762 d\u00f3lares). Hoy, lo m\u00ednimo son 200.000 (aproximadamente 1.523 d\u00f3lares). La gente simplemente ya no puede pagar\u201d, agreg\u00f3.<\/p>\n\n\n\n<p>En zonas rurales como&nbsp;<strong>Petite-Rivi\u00e8re<\/strong>, en&nbsp;<strong>Artibonite<\/strong>, en la periferia rural de Puerto Pr\u00edncipe, la situaci\u00f3n no es distinta.<\/p>\n\n\n\n<p>\u201cNadie quiere enterrar a sus muertos en los cementerios controlados por el grupo Gran Grif\u201d, afirma el magistrado&nbsp;<strong>Dort Lereste<\/strong>.<\/p>\n\n\n\n<p>\u201cTodos vienen al centro del pueblo, aunque eso signifique caminar horas con el ata\u00fad a cuestas,\u201d a\u00f1ade.<\/p>\n\n\n\n<h3 class=\"wp-block-heading\">Alternativas de emergencia y nuevas geograf\u00edas del duelo<\/h3>\n\n\n\n<p>La soci\u00f3loga<strong>&nbsp;Erika Louvert<\/strong>, experta en din\u00e1micas urbanas de la regi\u00f3n, sostiene: \u201cLa toma de los cementerios por parte de grupos criminales no solo es una expresi\u00f3n del colapso del&nbsp;<strong>Estado<\/strong>. Tambi\u00e9n redefine la forma en que las familias se relacionan con sus muertos. El duelo se ha vuelto clandestino\u201d.<\/p>\n\n\n\n<p>Con la mayor\u00eda de los cementerios tradicionales fuera de uso, otras opciones comienzan a ganar protagonismo.<\/p>\n\n\n\n<p>El cementerio de&nbsp;<strong>Fragneau-Ville<\/strong>, en&nbsp;<strong>Delmas 75<\/strong>, ha visto crecer la demanda.<\/p>\n\n\n\n<p>\u201cAntes, solo enterr\u00e1bamos habitantes de calle. Ahora llegan familias de todos los niveles sociales\u201d, explica su director,&nbsp;<strong>Floriant Maxo<\/strong>.<\/p>\n\n\n\n<p>En abril se realizaron veinte entierros, frente a los quince de febrero. \u201cAlgunos s\u00e1bados tenemos hasta cinco entierros\u201d, dice Maxo.<\/p>\n\n\n\n<p>Para responder a esta demanda, el cementerio construy\u00f3 nichos en altura, uno sobre otro. Los cuerpos deben ser elevados en andamios para ser depositados.<\/p>\n\n\n\n<p>El alquiler anual de los nichos cuesta 50.000 gourdes (318 d\u00f3lares), mientras que la entrada cuesta 5.000 gourdes (38 d\u00f3lares), recaudados por la alcald\u00eda de Delmas.<\/p>\n\n\n\n<p>\u201cAl menos aqu\u00ed, a\u00fan se puede mantener cierta dignidad\u201d, reconoce Maxo.<\/p>\n\n\n\n<p>Otro cementerio en actividad parcial es el&nbsp;<strong>Parc du Souvenir<\/strong>, en&nbsp;<strong>Torcel<\/strong>. En 2024, sufri\u00f3 saqueos y robos masivos: 1.800 sillas, generadores, paneles solares. El administrador estima las p\u00e9rdidas en m\u00e1s de 500.000 d\u00f3lares.<\/p>\n\n\n\n<p>\u201cAhora solo ofrecemos cremaciones, y de forma muy limitada,\u201d lamenta.<\/p>\n\n\n\n<h3 class=\"wp-block-heading\">Cuerpos abandonados: sin luz, sin pago, sin descanso<\/h3>\n\n\n\n<p>El deterioro del sistema funerario tambi\u00e9n se refleja en las morgues, donde cientos de cuerpos permanecen en espera de sepultura.<\/p>\n\n\n\n<p>En muchos casos, no hay familiares que los reclamen, ya sea por desplazamiento forzado o por falta de recursos. La descomposici\u00f3n avanza r\u00e1pidamente por los cortes constantes de electricidad.<\/p>\n\n\n\n<p>\u201cSin refrigeraci\u00f3n, los cuerpos empiezan a pudrirse en cuesti\u00f3n de horas. No damos abasto\u201d, relata&nbsp;<strong>Joseph Bernard<\/strong>, due\u00f1o de una funeraria en&nbsp;<strong>Croix-des-Bouquets<\/strong>. \u201cHay cad\u00e1veres aqu\u00ed desde hace m\u00e1s de tres meses. Nadie viene a buscarlos porque no pueden pagar ni el ata\u00fad\u201d.<\/p>\n\n\n\n<p>Las funerarias han improvisado dep\u00f3sitos en garajes o contenedores, y muchas veces solo cubren los cuerpos con mantas t\u00e9rmicas de emergencia.<\/p>\n\n\n\n<p>\u201cEsto no es digno, pero es lo \u00fanico que podemos hacer\u201d, lamenta Bernard. \u201cHemos perdido toda capacidad de garantizar el m\u00ednimo respeto por los muertos\u201d.<\/p>\n\n\n\n<p>La falta de condiciones m\u00ednimas tambi\u00e9n representa un riesgo sanitario.<\/p>\n\n\n\n<p>M\u00e9dicos locales advierten del peligro de brotes infecciosos si no se gestionan adecuadamente los cuerpos sin sepultura.<\/p>\n\n\n\n<p>Desde diciembre de 2024, el n\u00famero de ataques perpetrados contra la poblaci\u00f3n civil ha aumentado en un 24 %.<\/p>\n\n\n\n<p>La violencia que hasta ahora parec\u00eda circunscrita a la capital, Puerto Pr\u00edncipe, se ha extendido a otros departamentos, como Centro y Artibonite, convirti\u00e9ndose en un fen\u00f3meno transversal a todo el pa\u00eds.<\/p>\n\n\n\n<p><strong>Lea tambi\u00e9n<\/strong><\/p>\n\n\n\n<p>Sin ir m\u00e1s lejos, solo en el departamento del norte la cifra de desplazados internos ha aumentado un 80 %.<\/p>\n\n\n\n<p>A ello ha de sumarse la absoluta carest\u00eda de servicios b\u00e1sicos, entre los cuales se incluye la asistencia sanitaria, la educaci\u00f3n o el acceso al agua potable.<\/p>\n\n\n\n<p>La&nbsp;<strong>Oficina Integrada de las Naciones Unidas en Hait\u00ed (Binuh)<\/strong>&nbsp;ha registrado en la primera mitad de este a\u00f1o un total de 4.026 asesinatos.<\/p>\n\n\n\n<p><strong>Lea tambi\u00e9n<\/strong><\/p>\n\n\n\n<p>Adem\u00e1s, el n\u00famero de desplazados por la violencia de las bandas criminales alcanza ya los 1,3 millones, una cifra que sextuplica la de 2022, seg\u00fan datos de la<strong>&nbsp;Organizaci\u00f3n de Internacional para las Migraciones<\/strong>.<\/p>\n","protected":false},"excerpt":{"rendered":"<p>El Gran Cementerio de Puerto Pr\u00edncipe, fundado hace m\u00e1s de 250 a\u00f1os, es hoy una<\/p>\n","protected":false},"author":1,"featured_media":18109,"comment_status":"open","ping_status":"open","sticky":false,"template":"","format":"standard","meta":{"footnotes":""},"categories":[4],"tags":[],"class_list":["post-18108","post","type-post","status-publish","format-standard","has-post-thumbnail","hentry","category-mundiales"],"_links":{"self":[{"href":"https:\/\/samantharadionline.com\/index.php\/wp-json\/wp\/v2\/posts\/18108","targetHints":{"allow":["GET"]}}],"collection":[{"href":"https:\/\/samantharadionline.com\/index.php\/wp-json\/wp\/v2\/posts"}],"about":[{"href":"https:\/\/samantharadionline.com\/index.php\/wp-json\/wp\/v2\/types\/post"}],"author":[{"embeddable":true,"href":"https:\/\/samantharadionline.com\/index.php\/wp-json\/wp\/v2\/users\/1"}],"replies":[{"embeddable":true,"href":"https:\/\/samantharadionline.com\/index.php\/wp-json\/wp\/v2\/comments?post=18108"}],"version-history":[{"count":1,"href":"https:\/\/samantharadionline.com\/index.php\/wp-json\/wp\/v2\/posts\/18108\/revisions"}],"predecessor-version":[{"id":18110,"href":"https:\/\/samantharadionline.com\/index.php\/wp-json\/wp\/v2\/posts\/18108\/revisions\/18110"}],"wp:featuredmedia":[{"embeddable":true,"href":"https:\/\/samantharadionline.com\/index.php\/wp-json\/wp\/v2\/media\/18109"}],"wp:attachment":[{"href":"https:\/\/samantharadionline.com\/index.php\/wp-json\/wp\/v2\/media?parent=18108"}],"wp:term":[{"taxonomy":"category","embeddable":true,"href":"https:\/\/samantharadionline.com\/index.php\/wp-json\/wp\/v2\/categories?post=18108"},{"taxonomy":"post_tag","embeddable":true,"href":"https:\/\/samantharadionline.com\/index.php\/wp-json\/wp\/v2\/tags?post=18108"}],"curies":[{"name":"wp","href":"https:\/\/api.w.org\/{rel}","templated":true}]}}