{"id":18102,"date":"2025-08-09T10:30:04","date_gmt":"2025-08-09T14:30:04","guid":{"rendered":"https:\/\/samantharadionline.com\/?p=18102"},"modified":"2025-08-09T10:30:05","modified_gmt":"2025-08-09T14:30:05","slug":"david-ortiz-despide-a-su-padre-el-me-cuido-me-protegio-de-todo-lo-que-podria-hacerme-dano","status":"publish","type":"post","link":"https:\/\/samantharadionline.com\/index.php\/2025\/08\/09\/david-ortiz-despide-a-su-padre-el-me-cuido-me-protegio-de-todo-lo-que-podria-hacerme-dano\/","title":{"rendered":"David Ortiz despide a su padre: \u00ab\u00c9l me cuid\u00f3, me protegi\u00f3 de todo lo que podr\u00eda hacerme da\u00f1o\u00bb"},"content":{"rendered":"\n<p class=\"has-medium-font-size\"><em>El \u201cBig Papi\u201d dio el \u00faltimo adi\u00f3s a su padre Am\u00e9rico en una honras f\u00fanebres \u00edntimas en el Jard\u00edn Memorial, a las que asistieron Pedro Mart\u00ednez, Edwin Encarnaci\u00f3n y otros\u2026<\/em><\/p>\n\n\n\n<figure class=\"wp-block-image\"><img decoding=\"async\" src=\"https:\/\/listindiario.com\/files\/image_60_60\/uploads\/2024\/09\/17\/66ea20b960045.jpeg\" alt=\"Avatar del Moises Mej\u00eda\"\/><\/figure>\n\n\n\n<p><em>\u00a0<\/em>Mois\u00e9s Mej\u00eda, <strong>Santo Domingo<\/strong><\/p>\n\n\n\n<p>\u201c\u00c9l alardeaba con orgullo que ten\u00eda un hijo en el&nbsp;<strong>Sal\u00f3n de la Fama<\/strong>, pero \u00e9l no sab\u00eda que quien ten\u00eda un pap\u00e1 en&nbsp;<strong>Cooperstown&nbsp;<\/strong>era yo\u201d.<\/p>\n\n\n\n<p>Con esa frase, cargada de amor y gratitud,\u00a0<strong>David Ortiz<\/strong>\u00a0resumi\u00f3 lo que signific\u00f3 en su vida\u00a0<strong>Leo Am\u00e9rico Ortiz<\/strong>, su padre, quien falleci\u00f3 tras una larga lucha contra el c\u00e1ncer.<\/p>\n\n\n\n<p>El funeral y el sepelio se llevaron a cabo la ma\u00f1ana de este jueves en el&nbsp;<strong>Cementerio Jard\u00edn Memorial<\/strong>, en una ceremonia \u00edntima para familiares y amigos cercanos.<\/p>\n\n\n\n<p>Entre abrazos, l\u00e1grimas y recuerdos, el expelotero de los&nbsp;<strong>Medias Rojas de Boston<\/strong>&nbsp;record\u00f3 vivencias con su padre que se quedar\u00e1n con \u00e9l por el resto de su vida.<\/p>\n\n\n\n<p>\u201cMe cuid\u00f3,&nbsp;<strong>me protegi\u00f3 contra todo<\/strong>&nbsp;lo que pod\u00eda interferir en mi camino. Y miren que eso no fue f\u00e1cil, pero \u00e9l lo logr\u00f3\u201d, dijo entre l\u00e1grimas Ortiz, al hablar del hombre que lo guio.<\/p>\n\n\n\n<p>Entre las personalidades que acudieron a la ceremonia estuvo&nbsp;<strong>Pedro Mart\u00ednez<\/strong>, tambi\u00e9n miembro del Sal\u00f3n de la Fama de Cooperstown, quien defini\u00f3 a&nbsp;<strong>Don Leo&nbsp;<\/strong>no s\u00f3lo como un padre ejemplar para David, sino tambi\u00e9n para \u00e9l mismo.<\/p>\n\n\n\n<p>\u201cPrimero hay que darle gracias a Dios por la oportunidad que nos brind\u00f3 de compartir con Don Leo, y de ser ese&nbsp;<strong>segundo padre para m\u00ed<\/strong>. Este a\u00f1o ha sido un a\u00f1o duro para nosotros, especialmente en Haina, primero con la partida de&nbsp;<strong>Rubby&nbsp;<\/strong>y ahora con Don Leo\u201d, dijo Pedro.<\/p>\n\n\n\n<p>El ministro de Deportes,&nbsp;<strong>Kelvin Cruz<\/strong>, resalt\u00f3 la dedicaci\u00f3n y entrega de Don Leo en la formaci\u00f3n de su hijo. Record\u00f3 que, en los \u00faltimos meses, cada vez que hablaba por tel\u00e9fono con David, este le comentaba que estaba acompa\u00f1ando a su padre en el proceso.<\/p>\n\n\n\n<p>\u201cDavid nunca lo dej\u00f3 solo. Siempre me dec\u00eda que estaba en una cita m\u00e9dica con su padre o comprando una medicina o en una diligencia m\u00e9dica.&nbsp;<strong>Don Leo inculc\u00f3 en \u00e9l buenos valores<\/strong>\u201d, sostuvo Cruz.<\/p>\n\n\n\n<p>El expelotero de Grandes Ligas&nbsp;<strong>Edwin Encarnaci\u00f3n<\/strong>&nbsp;tambi\u00e9n acudi\u00f3 al sepelio para acompa\u00f1ar a su amigo en este momento dif\u00edcil, y quien al igual que Pedro, calific\u00f3 a Don Leo como un padre.<\/p>\n\n\n\n<p>\u201cAm\u00e9rico siempre<strong>&nbsp;fue una persona alegre<\/strong>, todo el tiempo con una sonrisa, y eso es lo que me llevo. Sin importar la situaci\u00f3n de salud que estaba pasando, nunca se notaba desanimado\u201d, describi\u00f3 Encarnaci\u00f3n.<\/p>\n\n\n\n<p>La<strong>&nbsp;Liga Dominicana de B\u00e9isbol Profesional&nbsp;<\/strong>(Lidom) emiti\u00f3 un comunicado en el que lament\u00f3 la muerte de Don Leo y envi\u00f3 sus condolencias a David y su familia, destacando su rol como padre y el legado de valores que dej\u00f3.<\/p>\n\n\n\n<p>El exministro de Deportes<strong>&nbsp;Felipe Jay Payano<\/strong>&nbsp;tambi\u00e9n expres\u00f3 p\u00fablicamente su pesar y solidaridad.<\/p>\n\n\n\n<p>La partida de&nbsp;<strong>Am\u00e9rico Ortiz&nbsp;<\/strong>deja un vac\u00edo profundo, pero tambi\u00e9n la huella imborrable de un padre que supo guiar, proteger y formar a uno de los grandes \u00edconos del deporte dominicano y mundial.<\/p>\n","protected":false},"excerpt":{"rendered":"<p>El \u201cBig Papi\u201d dio el \u00faltimo adi\u00f3s a su padre Am\u00e9rico en una honras f\u00fanebres<\/p>\n","protected":false},"author":1,"featured_media":18103,"comment_status":"open","ping_status":"open","sticky":false,"template":"","format":"standard","meta":{"footnotes":""},"categories":[14],"tags":[],"class_list":["post-18102","post","type-post","status-publish","format-standard","has-post-thumbnail","hentry","category-deportes"],"_links":{"self":[{"href":"https:\/\/samantharadionline.com\/index.php\/wp-json\/wp\/v2\/posts\/18102","targetHints":{"allow":["GET"]}}],"collection":[{"href":"https:\/\/samantharadionline.com\/index.php\/wp-json\/wp\/v2\/posts"}],"about":[{"href":"https:\/\/samantharadionline.com\/index.php\/wp-json\/wp\/v2\/types\/post"}],"author":[{"embeddable":true,"href":"https:\/\/samantharadionline.com\/index.php\/wp-json\/wp\/v2\/users\/1"}],"replies":[{"embeddable":true,"href":"https:\/\/samantharadionline.com\/index.php\/wp-json\/wp\/v2\/comments?post=18102"}],"version-history":[{"count":1,"href":"https:\/\/samantharadionline.com\/index.php\/wp-json\/wp\/v2\/posts\/18102\/revisions"}],"predecessor-version":[{"id":18104,"href":"https:\/\/samantharadionline.com\/index.php\/wp-json\/wp\/v2\/posts\/18102\/revisions\/18104"}],"wp:featuredmedia":[{"embeddable":true,"href":"https:\/\/samantharadionline.com\/index.php\/wp-json\/wp\/v2\/media\/18103"}],"wp:attachment":[{"href":"https:\/\/samantharadionline.com\/index.php\/wp-json\/wp\/v2\/media?parent=18102"}],"wp:term":[{"taxonomy":"category","embeddable":true,"href":"https:\/\/samantharadionline.com\/index.php\/wp-json\/wp\/v2\/categories?post=18102"},{"taxonomy":"post_tag","embeddable":true,"href":"https:\/\/samantharadionline.com\/index.php\/wp-json\/wp\/v2\/tags?post=18102"}],"curies":[{"name":"wp","href":"https:\/\/api.w.org\/{rel}","templated":true}]}}