{"id":18095,"date":"2025-08-09T10:23:23","date_gmt":"2025-08-09T14:23:23","guid":{"rendered":"https:\/\/samantharadionline.com\/?p=18095"},"modified":"2025-08-09T10:23:25","modified_gmt":"2025-08-09T14:23:25","slug":"adolescente-abre-fuego-y-hiere-a-tres-personas-en-times-square-nueva-york","status":"publish","type":"post","link":"https:\/\/samantharadionline.com\/index.php\/2025\/08\/09\/adolescente-abre-fuego-y-hiere-a-tres-personas-en-times-square-nueva-york\/","title":{"rendered":"Adolescente abre fuego y hiere a tres personas en Times Square, Nueva York"},"content":{"rendered":"\n<p class=\"has-medium-font-size\"><em>El sospechoso no ha sido acusado formalmente<\/em><\/p>\n\n\n\n<figure class=\"wp-block-image\"><img decoding=\"async\" src=\"https:\/\/listindiario.com\/files\/image_60_60\/uploads\/2025\/06\/12\/684b39171bfd7.jpeg\" alt=\"Avatar del Agencia AFP\"\/><\/figure>\n\n\n\n<p><em>\u00a0<\/em>Agencia AFP, <strong>Nueva York, Estados Unidos<\/strong><\/p>\n\n\n\n<p>Un adolescente armado de 17 a\u00f1os abri\u00f3 fuego e hiri\u00f3 a tres personas el s\u00e1bado en&nbsp;<strong>Times Square<\/strong>, en&nbsp;<strong>Nueva York<\/strong>, indic\u00f3 la polic\u00eda de la ciudad.<\/p>\n\n\n\n<p>El incidente tuvo lugar alrededor de la 01H20 local (05H20 GMT) tras una disputa, inform\u00f3 a AFP un portavoz de la polic\u00eda.<\/p>\n\n\n\n<p>Una mujer de 18 a\u00f1os sufri\u00f3 un rasgu\u00f1o en el cuello, mientras que un hombre de 19 a\u00f1os y otro de 65 a\u00f1os resultaron heridos en las extremidades inferiores.<\/p>\n\n\n\n<p>Las tres v\u00edctimas fueron trasladadas al<strong>&nbsp;Hospital Bellevue<\/strong>&nbsp;de Nueva York, donde se determin\u00f3 que se encontraban en estado estable.<\/p>\n\n\n\n<p>\u00abEl autor fue detenido por la polic\u00eda y se recuper\u00f3 un arma de fuego\u00bb, a\u00f1adi\u00f3 el portavoz.<\/p>\n\n\n\n<p><strong>El sospechoso no ha sido acusado formalmente.<\/strong><\/p>\n\n\n\n<p>Im\u00e1genes difundidas en redes sociales muestran a una multitud presa del p\u00e1nico, aunque AFP no pudo confirmar inmediatamente su autenticidad.<\/p>\n\n\n\n<p>A finales del mes pasado, un\u00a0<strong>hombre armado<\/strong>\u00a0dispar\u00f3 a cuatro personas y luego se suicid\u00f3 en un rascacielos de Manhattan.<\/p>\n","protected":false},"excerpt":{"rendered":"<p>El sospechoso no ha sido acusado formalmente \u00a0Agencia AFP, Nueva York, Estados Unidos Un adolescente<\/p>\n","protected":false},"author":1,"featured_media":18096,"comment_status":"open","ping_status":"open","sticky":false,"template":"","format":"standard","meta":{"footnotes":""},"categories":[4],"tags":[],"class_list":["post-18095","post","type-post","status-publish","format-standard","has-post-thumbnail","hentry","category-mundiales"],"_links":{"self":[{"href":"https:\/\/samantharadionline.com\/index.php\/wp-json\/wp\/v2\/posts\/18095","targetHints":{"allow":["GET"]}}],"collection":[{"href":"https:\/\/samantharadionline.com\/index.php\/wp-json\/wp\/v2\/posts"}],"about":[{"href":"https:\/\/samantharadionline.com\/index.php\/wp-json\/wp\/v2\/types\/post"}],"author":[{"embeddable":true,"href":"https:\/\/samantharadionline.com\/index.php\/wp-json\/wp\/v2\/users\/1"}],"replies":[{"embeddable":true,"href":"https:\/\/samantharadionline.com\/index.php\/wp-json\/wp\/v2\/comments?post=18095"}],"version-history":[{"count":1,"href":"https:\/\/samantharadionline.com\/index.php\/wp-json\/wp\/v2\/posts\/18095\/revisions"}],"predecessor-version":[{"id":18097,"href":"https:\/\/samantharadionline.com\/index.php\/wp-json\/wp\/v2\/posts\/18095\/revisions\/18097"}],"wp:featuredmedia":[{"embeddable":true,"href":"https:\/\/samantharadionline.com\/index.php\/wp-json\/wp\/v2\/media\/18096"}],"wp:attachment":[{"href":"https:\/\/samantharadionline.com\/index.php\/wp-json\/wp\/v2\/media?parent=18095"}],"wp:term":[{"taxonomy":"category","embeddable":true,"href":"https:\/\/samantharadionline.com\/index.php\/wp-json\/wp\/v2\/categories?post=18095"},{"taxonomy":"post_tag","embeddable":true,"href":"https:\/\/samantharadionline.com\/index.php\/wp-json\/wp\/v2\/tags?post=18095"}],"curies":[{"name":"wp","href":"https:\/\/api.w.org\/{rel}","templated":true}]}}