{"id":18092,"date":"2025-08-09T10:17:34","date_gmt":"2025-08-09T14:17:34","guid":{"rendered":"https:\/\/samantharadionline.com\/?p=18092"},"modified":"2025-08-09T10:17:35","modified_gmt":"2025-08-09T14:17:35","slug":"una-vaguada-provocara-lluvias-la-tarde-de-este-sabado","status":"publish","type":"post","link":"https:\/\/samantharadionline.com\/index.php\/2025\/08\/09\/una-vaguada-provocara-lluvias-la-tarde-de-este-sabado\/","title":{"rendered":"Una vaguada provocar\u00e1 lluvias la tarde de este s\u00e1bado"},"content":{"rendered":"\n<p class=\"has-medium-font-size\"><em>Al mediod\u00eda, se prev\u00e9n precipitaciones en El Seibo, La Romana, Hato Mayor, Monte Plata, sectores del Gran Santo Domingo, San Crist\u00f3bal, Azua, La Vega, Santiago, Monse\u00f1or Nouel, San Juan, Independencia, El\u00edas Pi\u00f1a y zonas cercanas, especialmente en la tarde hasta las primeras horas de la noche<\/em><\/p>\n\n\n\n<p>L.D., <strong>Santo Domingo, RD<\/strong><\/p>\n\n\n\n<p>El Instituto Dominicano de Meteorolog\u00eda (Indomet) indic\u00f3 que una vaguada incidir\u00e1 sobre el territorio nacional para provocar incremento de la nubosidad acompa\u00f1ada de aguaceros locales, tormentas el\u00e9ctricas y r\u00e1fagas de viento en varias provincias.<\/p>\n\n\n\n<p>Despu\u00e9s del mediod\u00eda, se prev\u00e9n precipitaciones en El Seibo, La Romana, Hato Mayor, Monte Plata, sectores del<strong>&nbsp;Gran Santo Domingo, San Crist\u00f3bal, Azua, La Vega,&nbsp;<\/strong>Santiago, Monse\u00f1or Nouel, San Juan, Independencia, El\u00edas Pi\u00f1a y zonas cercanas, especialmente en la tarde hasta las primeras horas de la noche.<\/p>\n\n\n\n<p>Asimismo, persistir\u00e1 la presencia de<strong>&nbsp;polvo del Sahara&nbsp;<\/strong>en baja concentraci\u00f3n.<\/p>\n\n\n\n<p>Indomet manifest\u00f3 que da seguimiento a dos zonas de aguaceros y tormentas el\u00e9ctricas desorganizadas: La primera, vinculada a una onda tropical ubicada en el Atl\u00e1ntico tropical central, presenta una baja probabilidad de 0 % formaci\u00f3n cicl\u00f3nica en 48 horas, y la segunda, sociada a una onda tropical ubicada cerca de la costa oeste de \u00c1frica, presenta una baja de probabilidad de 0 % formaci\u00f3n cicl\u00f3nica en 48 horas.<\/p>\n\n\n\n<p>Aclar\u00f3 que Estos sistemas, por su posici\u00f3n y distancia,&nbsp;<strong>no representan ning\u00fan peligro para la Rep\u00fablica Dominicana<\/strong>, pero \u201cmantenemos un monitoreo permanente\u201d.<\/p>\n\n\n\n<p><strong>Temperaturas<\/strong><\/p>\n\n\n\n<p>La temperatura m\u00ednima estar\u00e1 entre 22 \u00b0C y 24 \u00b0C, y la m\u00e1xima entre 33 \u00b0C y 35 \u00b0C.<\/p>\n","protected":false},"excerpt":{"rendered":"<p>Al mediod\u00eda, se prev\u00e9n precipitaciones en El Seibo, La Romana, Hato Mayor, Monte Plata, sectores<\/p>\n","protected":false},"author":1,"featured_media":18093,"comment_status":"open","ping_status":"open","sticky":false,"template":"","format":"standard","meta":{"footnotes":""},"categories":[12],"tags":[],"class_list":["post-18092","post","type-post","status-publish","format-standard","has-post-thumbnail","hentry","category-nacionales"],"_links":{"self":[{"href":"https:\/\/samantharadionline.com\/index.php\/wp-json\/wp\/v2\/posts\/18092","targetHints":{"allow":["GET"]}}],"collection":[{"href":"https:\/\/samantharadionline.com\/index.php\/wp-json\/wp\/v2\/posts"}],"about":[{"href":"https:\/\/samantharadionline.com\/index.php\/wp-json\/wp\/v2\/types\/post"}],"author":[{"embeddable":true,"href":"https:\/\/samantharadionline.com\/index.php\/wp-json\/wp\/v2\/users\/1"}],"replies":[{"embeddable":true,"href":"https:\/\/samantharadionline.com\/index.php\/wp-json\/wp\/v2\/comments?post=18092"}],"version-history":[{"count":1,"href":"https:\/\/samantharadionline.com\/index.php\/wp-json\/wp\/v2\/posts\/18092\/revisions"}],"predecessor-version":[{"id":18094,"href":"https:\/\/samantharadionline.com\/index.php\/wp-json\/wp\/v2\/posts\/18092\/revisions\/18094"}],"wp:featuredmedia":[{"embeddable":true,"href":"https:\/\/samantharadionline.com\/index.php\/wp-json\/wp\/v2\/media\/18093"}],"wp:attachment":[{"href":"https:\/\/samantharadionline.com\/index.php\/wp-json\/wp\/v2\/media?parent=18092"}],"wp:term":[{"taxonomy":"category","embeddable":true,"href":"https:\/\/samantharadionline.com\/index.php\/wp-json\/wp\/v2\/categories?post=18092"},{"taxonomy":"post_tag","embeddable":true,"href":"https:\/\/samantharadionline.com\/index.php\/wp-json\/wp\/v2\/tags?post=18092"}],"curies":[{"name":"wp","href":"https:\/\/api.w.org\/{rel}","templated":true}]}}