{"id":18056,"date":"2025-08-07T16:17:58","date_gmt":"2025-08-07T20:17:58","guid":{"rendered":"https:\/\/samantharadionline.com\/?p=18056"},"modified":"2025-08-07T16:17:59","modified_gmt":"2025-08-07T20:17:59","slug":"acosde-anuncia-su-primer-congreso-empresarial","status":"publish","type":"post","link":"https:\/\/samantharadionline.com\/index.php\/2025\/08\/07\/acosde-anuncia-su-primer-congreso-empresarial\/","title":{"rendered":"ACOSDE anuncia su Primer Congreso Empresarial"},"content":{"rendered":"\n<p class=\"has-medium-font-size\"><em>Con este congreso damos un paso firme hacia la consolidaci\u00f3n de una ciudad m\u00e1s organizada, moderna y en constante desarrollo<\/em><\/p>\n\n\n\n<p><strong>Santo Domingo Este.<\/strong><\/p>\n\n\n\n<p>&nbsp;La Asociaci\u00f3n de Constructores de Santo Domingo Este (ACOSDE) anunci\u00f3 la celebraci\u00f3n de su Primer Congreso Empresarial, un evento pionero que reunir\u00e1 a importantes personalidades del sector construcci\u00f3n y del \u00e1mbito empresarial nacional.<\/p>\n\n\n\n<p>El congreso que ser\u00e1 el jueves 18 de septiembre, en el Hotel Crowne Plaza, de 9 de la ma\u00f1ana 3:30 de la tarde, busca convertirse en un espacio de inspiraci\u00f3n, conexi\u00f3n y visi\u00f3n de futuro, no s\u00f3lo para los profesionales de la construcci\u00f3n, sino tambi\u00e9n para todo el ecosistema empresarial de Santo Domingo Este y del pa\u00eds.&nbsp;<\/p>\n\n\n\n<p>\u201cCon este congreso damos un paso firme hacia la consolidaci\u00f3n de una ciudad m\u00e1s organizada, moderna y en constante desarrollo. La intenci\u00f3n es reflexionar, compartir experiencias y construir alianzas estrat\u00e9gicas que nos ayuden a seguir transformando Santo Domingo Este, una ciudad que sigue creciendo y que requiere de un liderazgo estrat\u00e9gico y visionario\u00bb, expres\u00f3 Riubell Montes De Oca presidente de ACOSDE.<\/p>\n\n\n\n<p>El evento contar\u00e1 con un panel conferencias y networking entre empresarios, autoridades y expertos, en lo que se espera sea un hito para el crecimiento econ\u00f3mico del municipio. Entre ellos estar\u00e1n los empresarios Manuel Estrella y Lisandro Macarrulla&nbsp;<\/p>\n\n\n\n<p>Desde su fundaci\u00f3n, Acosde ha trabajado por la unificaci\u00f3n del sector en SDE.<\/p>\n","protected":false},"excerpt":{"rendered":"<p>Con este congreso damos un paso firme hacia la consolidaci\u00f3n de una ciudad m\u00e1s organizada,<\/p>\n","protected":false},"author":1,"featured_media":18057,"comment_status":"open","ping_status":"open","sticky":false,"template":"","format":"standard","meta":{"footnotes":""},"categories":[12],"tags":[],"class_list":["post-18056","post","type-post","status-publish","format-standard","has-post-thumbnail","hentry","category-nacionales"],"_links":{"self":[{"href":"https:\/\/samantharadionline.com\/index.php\/wp-json\/wp\/v2\/posts\/18056","targetHints":{"allow":["GET"]}}],"collection":[{"href":"https:\/\/samantharadionline.com\/index.php\/wp-json\/wp\/v2\/posts"}],"about":[{"href":"https:\/\/samantharadionline.com\/index.php\/wp-json\/wp\/v2\/types\/post"}],"author":[{"embeddable":true,"href":"https:\/\/samantharadionline.com\/index.php\/wp-json\/wp\/v2\/users\/1"}],"replies":[{"embeddable":true,"href":"https:\/\/samantharadionline.com\/index.php\/wp-json\/wp\/v2\/comments?post=18056"}],"version-history":[{"count":1,"href":"https:\/\/samantharadionline.com\/index.php\/wp-json\/wp\/v2\/posts\/18056\/revisions"}],"predecessor-version":[{"id":18058,"href":"https:\/\/samantharadionline.com\/index.php\/wp-json\/wp\/v2\/posts\/18056\/revisions\/18058"}],"wp:featuredmedia":[{"embeddable":true,"href":"https:\/\/samantharadionline.com\/index.php\/wp-json\/wp\/v2\/media\/18057"}],"wp:attachment":[{"href":"https:\/\/samantharadionline.com\/index.php\/wp-json\/wp\/v2\/media?parent=18056"}],"wp:term":[{"taxonomy":"category","embeddable":true,"href":"https:\/\/samantharadionline.com\/index.php\/wp-json\/wp\/v2\/categories?post=18056"},{"taxonomy":"post_tag","embeddable":true,"href":"https:\/\/samantharadionline.com\/index.php\/wp-json\/wp\/v2\/tags?post=18056"}],"curies":[{"name":"wp","href":"https:\/\/api.w.org\/{rel}","templated":true}]}}