{"id":18053,"date":"2025-08-07T16:12:13","date_gmt":"2025-08-07T20:12:13","guid":{"rendered":"https:\/\/samantharadionline.com\/?p=18053"},"modified":"2025-08-07T16:12:13","modified_gmt":"2025-08-07T20:12:13","slug":"ordenan-nuevo-censo-que-excluya-a-los-inmigrantes-en-situacion-irregular","status":"publish","type":"post","link":"https:\/\/samantharadionline.com\/index.php\/2025\/08\/07\/ordenan-nuevo-censo-que-excluya-a-los-inmigrantes-en-situacion-irregular\/","title":{"rendered":"Ordenan nuevo censo que excluya a los inmigrantes en situaci\u00f3n irregular"},"content":{"rendered":"\n<p class=\"has-medium-font-size\"><em>Estados Unidos elabora un censo a gran escala cada diez a\u00f1os y el pr\u00f3ximo no est\u00e1 previsto hasta el a\u00f1o 2030.<\/em><\/p>\n\n\n\n<p>Europa Press, <strong>Madrid, Espa\u00f1a\u00a0<\/strong><\/p>\n\n\n\n<p>El presidente de&nbsp;<strong>Estados Unidos,&nbsp;<\/strong>Donald Trump, ha ordenado al Departamento de Comercio la puesta en marcha de un nuevo censo que deje fuera a&nbsp;<strong>\u00ablas personas que est\u00e1n ilegalmente\u00bb&nbsp;<\/strong>en el pa\u00eds norteamericano, aunque no ha aclarado c\u00f3mo ni cu\u00e1ndo se llevar\u00e1 a cabo.<\/p>\n\n\n\n<p>Seg\u00fan Trump, los trabajos deber\u00e1n comenzar \u00abinmediatamente\u00bb con vistas a elaborar un nuevo estudio \u00abmuy preciso\u00bb, a partir de los resultados y la informaci\u00f3n recabada en las elecciones presidenciales de noviembre de&nbsp;<strong>2024<\/strong>, como ha explicado el mandatario en su cuenta de la red Truth Social.<\/p>\n\n\n\n<p>Estados Unidos elabora un censo a gran escala cada diez a\u00f1os y el pr\u00f3ximo no est\u00e1 previsto hasta el a\u00f1o 2030. Sus resultados implican efectos pr\u00e1cticos, entre ellos la&nbsp;<strong>distribuci\u00f3n de fondos y esca\u00f1os<\/strong>&nbsp;entre los estados, por lo que la medida anunciada por Trump amenaza con afectar a las zonas con mayor presencia de migrantes en situaci\u00f3n irregular.<\/p>\n\n\n\n<p>El mandatario ha abogado desde su vuelta en enero a la&nbsp;<strong>Casa Blanca&nbsp;<\/strong>por reducir la llegada de migrantes y por deportar a todas aquellas personas que no tengan permiso para seguir residiendo en Estados Unidos, lo que le ha llevado a cuestionar abiertamente las pol\u00edticas migratorias m\u00e1s permisivas de&nbsp;<strong>administraciones locales&nbsp;<\/strong>y estatales controladas por los dem\u00f3cratas.<\/p>\n","protected":false},"excerpt":{"rendered":"<p>Estados Unidos elabora un censo a gran escala cada diez a\u00f1os y el pr\u00f3ximo no<\/p>\n","protected":false},"author":1,"featured_media":18054,"comment_status":"open","ping_status":"open","sticky":false,"template":"","format":"standard","meta":{"footnotes":""},"categories":[4],"tags":[],"class_list":["post-18053","post","type-post","status-publish","format-standard","has-post-thumbnail","hentry","category-mundiales"],"_links":{"self":[{"href":"https:\/\/samantharadionline.com\/index.php\/wp-json\/wp\/v2\/posts\/18053","targetHints":{"allow":["GET"]}}],"collection":[{"href":"https:\/\/samantharadionline.com\/index.php\/wp-json\/wp\/v2\/posts"}],"about":[{"href":"https:\/\/samantharadionline.com\/index.php\/wp-json\/wp\/v2\/types\/post"}],"author":[{"embeddable":true,"href":"https:\/\/samantharadionline.com\/index.php\/wp-json\/wp\/v2\/users\/1"}],"replies":[{"embeddable":true,"href":"https:\/\/samantharadionline.com\/index.php\/wp-json\/wp\/v2\/comments?post=18053"}],"version-history":[{"count":1,"href":"https:\/\/samantharadionline.com\/index.php\/wp-json\/wp\/v2\/posts\/18053\/revisions"}],"predecessor-version":[{"id":18055,"href":"https:\/\/samantharadionline.com\/index.php\/wp-json\/wp\/v2\/posts\/18053\/revisions\/18055"}],"wp:featuredmedia":[{"embeddable":true,"href":"https:\/\/samantharadionline.com\/index.php\/wp-json\/wp\/v2\/media\/18054"}],"wp:attachment":[{"href":"https:\/\/samantharadionline.com\/index.php\/wp-json\/wp\/v2\/media?parent=18053"}],"wp:term":[{"taxonomy":"category","embeddable":true,"href":"https:\/\/samantharadionline.com\/index.php\/wp-json\/wp\/v2\/categories?post=18053"},{"taxonomy":"post_tag","embeddable":true,"href":"https:\/\/samantharadionline.com\/index.php\/wp-json\/wp\/v2\/tags?post=18053"}],"curies":[{"name":"wp","href":"https:\/\/api.w.org\/{rel}","templated":true}]}}