{"id":18043,"date":"2025-08-07T16:00:17","date_gmt":"2025-08-07T20:00:17","guid":{"rendered":"https:\/\/samantharadionline.com\/?p=18043"},"modified":"2025-08-07T16:00:18","modified_gmt":"2025-08-07T20:00:18","slug":"el-himno-nacional-es-unico-e-invariable","status":"publish","type":"post","link":"https:\/\/samantharadionline.com\/index.php\/2025\/08\/07\/el-himno-nacional-es-unico-e-invariable\/","title":{"rendered":"El Himno Nacional es \u00fanico e invariable"},"content":{"rendered":"\n<p class=\"has-medium-font-size\"><em>El art\u00edculo 47 que por ultraje se castigara este delito con penas de uno a tres meses de prisi\u00f3n, as\u00ed como una multa de cinco a 20 salarios m\u00ednimos<\/em><\/p>\n\n\n\n<figure class=\"wp-block-image\"><img decoding=\"async\" src=\"https:\/\/listindiario.com\/files\/image_60_60\/uploads\/2023\/06\/15\/648bafe045be3.jpeg\" alt=\"Avatar del Melanie Cuevas\"\/><\/figure>\n\n\n\n<p><em>\u00a0<\/em>Melanie Cuevas, <strong>Santo Domingo, RD\u00a0<\/strong><\/p>\n\n\n\n<p>La&nbsp;<strong>Constituci\u00f3n dominicana&nbsp;<\/strong>en su art\u00edculo 33 establece que el&nbsp;<strong>Himno Nacional&nbsp;<\/strong>como s\u00edmbolo patrio es \u00fanico e invariable.<\/p>\n\n\n\n<p>La Carta Magna se\u00f1ala de manera textual \u201cEl Himno Nacional es la composici\u00f3n musical de Jos\u00e9 Reyes con letras de Emilio Prud\u00b4Homme, y es \u00fanico e invariable\u201d.<\/p>\n\n\n\n<p>As\u00ed como en la carta Magna, existe la ley 210-19 que regula el uso de los&nbsp;<strong>S\u00edmbolos Patrios,<\/strong>&nbsp;donde se precisa en el art\u00edculo 39 en el numeral 1 que se considera ultraje al himno, cambiar la letra y tiempo musical.<\/p>\n\n\n\n<p>Tambi\u00e9n se considera ultraje bailar mientras es interpretado, as\u00ed como convertirlo en una pieza musical bailable.<\/p>\n\n\n\n<p>Precisa, adem\u00e1s en el art\u00edculo 47, que&nbsp;<strong>por ultraje se castigara este delito con penas de uno a tres meses de prisi\u00f3n,<\/strong>&nbsp;as\u00ed como una multa de cinco a 20 salarios m\u00ednimos.<\/p>\n\n\n\n<p>Sobre las personas que se encuentran en facultad de ejercer denuncias contra quienes falten contra el himno u otro s\u00edmbolo, el art\u00edculo 44 se\u00f1ala: \u201cLa&nbsp;<strong>Comisi\u00f3n Permanente de Efem\u00e9rides Patrias,<\/strong>&nbsp;la Academia Dominicana de la Historia, el Instituto Duartiano o cualquier persona puede denunciar ante el ministerio p\u00fablico competente, la comisi\u00f3n de faltas contra los s\u00edmbolos patrios\u201d.<\/p>\n\n\n\n<p>Dentro de las atenciones para la interpretaci\u00f3n de la pieza musical, todas las personas que lo escuchen deben detener la marcha, ponerse de pie si est\u00e1n sentadas y descubrirse la cabeza, salvo las excepciones previstas por la Ley;&nbsp;<strong>violar esta disposici\u00f3n se considera una irreverencia al Himno<\/strong>&nbsp;Nacional.<\/p>\n\n\n\n<p>Por irreverencia a los s\u00edmbolos patrios se castigar\u00e1 con penas de&nbsp;<strong>15 a 30 d\u00edas de prisi\u00f3n&nbsp;<\/strong>y multa de uno a cinco salarios m\u00ednimos del sector p\u00fablico.<\/p>\n\n\n\n<p>Adem\u00e1s del Himno Nacional est\u00e1n considerados como s\u00edmbolos patrios&nbsp;<strong>la Bandera y el Escudo Nacional;&nbsp;<\/strong>la bandera se compone de los colores azul ultramar y rojo bermell\u00f3n en cuarteles alternados, colocados de tal modo que el azul quede hacia la parte superior del asta, separados por una cruz blanca del ancho de la mitad de la altura de un cuartel y que lleve en el centro el Escudo Nacional.<\/p>\n\n\n\n<p>En cuanto al Escudo, debe tener los mismos colores de la Bandera Nacional dispuestos en igual forma. Lleva en el centro la Biblia abierta en el Evangelio de San Juan, cap\u00edtulo 8, vers\u00edculo 32, y encima una cruz, los cuales surgen de un trofeo integrado por dos lanzas y cuatro banderas nacionales sin escudo, dispuestas a ambos lados; lleva un ramo de laurel del lado izquierdo y uno de palma al lado derecho.<\/p>\n\n\n\n<h3 class=\"wp-block-heading\">Denuncia<\/h3>\n\n\n\n<p>El presidente de la Comisi\u00f3n Permanente de Efem\u00e9rides Patrias,&nbsp;<strong>Juan Pablo Uribe,&nbsp;<\/strong>manifest\u00f3 que desde esa entidad tomar\u00e1n acciones legales contra el colectivo LGBT que sustituy\u00f3 las letras del Himno Nacional, por otras que consideran la inclusi\u00f3n de esa comunidad.<\/p>\n\n\n\n<p>Uribe indic\u00f3 que desde la comisi\u00f3n est\u00e1n en la obligaci\u00f3n de realizar estas acciones, ante el ultraje que sufri\u00f3 el s\u00edmbolo patrio en la interpretaci\u00f3n que se puede apreciar en un video difundido en redes sociales.<\/p>\n\n\n\n<p>\u201cUltrajar un s\u00edmbolo patrio, en este caso ultrajar el himno como hizo el peque\u00f1o colectivo LGBT que exige derechos, pero no cumple deberes, que exige derecho, pero no tiene el m\u00ednimo y elemental sentido de la decencia, de los l\u00edmites que no deben ser cruzados. Y hay signos consagratorios de una naci\u00f3n, de una sociedad, en este caso la dominicana y esos signos o s\u00edmbolos son los patrios\u201d, expres\u00f3.<\/p>\n","protected":false},"excerpt":{"rendered":"<p>El art\u00edculo 47 que por ultraje se castigara este delito con penas de uno a<\/p>\n","protected":false},"author":1,"featured_media":18044,"comment_status":"open","ping_status":"open","sticky":false,"template":"","format":"standard","meta":{"footnotes":""},"categories":[12],"tags":[],"class_list":["post-18043","post","type-post","status-publish","format-standard","has-post-thumbnail","hentry","category-nacionales"],"_links":{"self":[{"href":"https:\/\/samantharadionline.com\/index.php\/wp-json\/wp\/v2\/posts\/18043","targetHints":{"allow":["GET"]}}],"collection":[{"href":"https:\/\/samantharadionline.com\/index.php\/wp-json\/wp\/v2\/posts"}],"about":[{"href":"https:\/\/samantharadionline.com\/index.php\/wp-json\/wp\/v2\/types\/post"}],"author":[{"embeddable":true,"href":"https:\/\/samantharadionline.com\/index.php\/wp-json\/wp\/v2\/users\/1"}],"replies":[{"embeddable":true,"href":"https:\/\/samantharadionline.com\/index.php\/wp-json\/wp\/v2\/comments?post=18043"}],"version-history":[{"count":1,"href":"https:\/\/samantharadionline.com\/index.php\/wp-json\/wp\/v2\/posts\/18043\/revisions"}],"predecessor-version":[{"id":18045,"href":"https:\/\/samantharadionline.com\/index.php\/wp-json\/wp\/v2\/posts\/18043\/revisions\/18045"}],"wp:featuredmedia":[{"embeddable":true,"href":"https:\/\/samantharadionline.com\/index.php\/wp-json\/wp\/v2\/media\/18044"}],"wp:attachment":[{"href":"https:\/\/samantharadionline.com\/index.php\/wp-json\/wp\/v2\/media?parent=18043"}],"wp:term":[{"taxonomy":"category","embeddable":true,"href":"https:\/\/samantharadionline.com\/index.php\/wp-json\/wp\/v2\/categories?post=18043"},{"taxonomy":"post_tag","embeddable":true,"href":"https:\/\/samantharadionline.com\/index.php\/wp-json\/wp\/v2\/tags?post=18043"}],"curies":[{"name":"wp","href":"https:\/\/api.w.org\/{rel}","templated":true}]}}