{"id":18040,"date":"2025-08-07T15:54:18","date_gmt":"2025-08-07T19:54:18","guid":{"rendered":"https:\/\/samantharadionline.com\/?p=18040"},"modified":"2025-08-07T15:54:19","modified_gmt":"2025-08-07T19:54:19","slug":"las-1100-aulas-prometidas-por-el-gobierno-no-alcanzan-se-integraran-mas-de-300-moviles","status":"publish","type":"post","link":"https:\/\/samantharadionline.com\/index.php\/2025\/08\/07\/las-1100-aulas-prometidas-por-el-gobierno-no-alcanzan-se-integraran-mas-de-300-moviles\/","title":{"rendered":"Las 1,100 aulas prometidas por el Gobierno no alcanzan; se integrar\u00e1n m\u00e1s de 300 m\u00f3viles"},"content":{"rendered":"\n<p class=\"has-medium-font-size\"><em>Entre septiembre y octubre se sumar\u00e1n unas 200 aulas m\u00e1s, sin especificar de que tipo, seg\u00fan informaron las autoridades<\/em><\/p>\n\n\n\n<figure class=\"wp-block-image\"><img decoding=\"async\" src=\"https:\/\/listindiario.com\/files\/image_60_60\/uploads\/2024\/01\/03\/6595dbcf057b9.jpeg\" alt=\"Avatar del Nicole Collado\"\/><\/figure>\n\n\n\n<p><em>\u00a0<\/em>Nicole Collado, <strong>Santo Domingo, RD<\/strong><\/p>\n\n\n\n<p>El&nbsp;<strong>Ministerio de Educaci\u00f3n<\/strong>&nbsp;anunci\u00f3 este jueves que para el inicio del a\u00f1o escolar 2025-2026 el espacio para los estudiantes est\u00e1 seguro. Sin embargo, el encargado de la&nbsp;<strong>Direcci\u00f3n de Infraestructura Escolar<\/strong>,&nbsp;<strong>Roberto Herrera<\/strong>, dijo que se necesitar\u00e1n m\u00e1s de 300 aulas m\u00f3viles.<\/p>\n\n\n\n<p>Herrera explic\u00f3 que la meta de 1,100 aulas se sobrepasar\u00e1, por lo que se entregar\u00e1n 1,265, pero, a pesar de ello, se necesitar\u00e1n otras 303 aulas m\u00f3viles para acaparar la poblaci\u00f3n estudiantil que llegar\u00e1 a las escuelas el pr\u00f3ximo 25 de agosto.<\/p>\n\n\n\n<p>Con el Plan 24\/7 \u201cse prometi\u00f3 para el nuevo a\u00f1o escolar un n\u00famero de 1,100 aulas, vamos a sobrepasar la cantidad porque se van a entregar 1,265 nuevas aulas\u201d, dijo Herrera a los periodistas.<\/p>\n\n\n\n<p><strong>Lea tambi\u00e9n<\/strong><\/p>\n\n\n\n<p>Adem\u00e1s agreg\u00f3 que entre septiembre y octubre se sumar\u00e1n unas 200 m\u00e1s, sin especificar de qu\u00e9 tipo.<\/p>\n\n\n\n<p>El ministro de Educaci\u00f3n,&nbsp;<strong>Luis Miguel de Camps<\/strong>, expres\u00f3 tambi\u00e9n que se est\u00e1 trabajando en la habilitaci\u00f3n de nuevas butacas en las escuelas y en la entrega de libros.<\/p>\n\n\n\n<p>Durante una rueda de prensa, De Camps destac\u00f3 que para este nuevo a\u00f1o escolar tambi\u00e9n se est\u00e1n capacitando a m\u00e1s de 124,000 docentes en las \u00e1reas&nbsp;<strong>STEAM&nbsp;<\/strong>(Ciencia, Tecnolog\u00eda, Ingenier\u00eda, Artes y Matem\u00e1ticas).<\/p>\n\n\n\n<p>El&nbsp;<strong>presidente Luis Abinader<\/strong>, que sostuvo una nueva reuni\u00f3n con las autoridades educativas, dijo que se est\u00e1 apostando a una educaci\u00f3n del siglo XXI, formando a los maestros para que los estudiantes puedan competir en el mundo de hoy.<\/p>\n\n\n\n<p>La meta, seg\u00fan las autoridades, es concentrarse en la profundizaci\u00f3n de los aprendizajes y en el involucramiento de las familias.<\/p>\n\n\n\n<p>Esta es la tercera reuni\u00f3n que sostiene el jefe del Estado con el ministro de Educaci\u00f3n para afinar los detalles del pr\u00f3ximo a\u00f1o escolar y garantizar los cupos a los estudiantes a escala nacional.<\/p>\n\n\n\n<h3 class=\"wp-block-heading\">m\u00e1s de cuatro mil aulas en los \u00faltimos a\u00f1os<\/h3>\n\n\n\n<p>Al participar en el Almuerzo del Grupo Corripio, El presidente Luis Abinader dijo que hasta el 9 de julio se han incorporado unas<strong>&nbsp;4,300 aulas&nbsp;<\/strong>en los \u00faltimos a\u00f1os al sistema educativo dominicano.<\/p>\n\n\n\n<p>\u00abLa situaci\u00f3n es que nosotros encontramos que la mayor\u00eda de esas escuelas y liceos estuvieron detenidos durante tres a\u00f1os\u00bb, detall\u00f3 el mandatario.<\/p>\n\n\n\n<p>Destac\u00f3 que esto provoc\u00f3 un nudo legal que hizo que se llevara una ley al Congreso Nacional por los problemas estructurales, legales y de t\u00edtulos.<\/p>\n\n\n\n<p>\u00abEra todo un men\u00fa de dificultades que hemos ido solucionando y, a pesar de eso, hemos agregado unas 4,300 aulas y hemos incorporado\u00bb, dijo Abinader.<\/p>\n","protected":false},"excerpt":{"rendered":"<p>Entre septiembre y octubre se sumar\u00e1n unas 200 aulas m\u00e1s, sin especificar de que tipo,<\/p>\n","protected":false},"author":1,"featured_media":18041,"comment_status":"open","ping_status":"open","sticky":false,"template":"","format":"standard","meta":{"footnotes":""},"categories":[12],"tags":[],"class_list":["post-18040","post","type-post","status-publish","format-standard","has-post-thumbnail","hentry","category-nacionales"],"_links":{"self":[{"href":"https:\/\/samantharadionline.com\/index.php\/wp-json\/wp\/v2\/posts\/18040","targetHints":{"allow":["GET"]}}],"collection":[{"href":"https:\/\/samantharadionline.com\/index.php\/wp-json\/wp\/v2\/posts"}],"about":[{"href":"https:\/\/samantharadionline.com\/index.php\/wp-json\/wp\/v2\/types\/post"}],"author":[{"embeddable":true,"href":"https:\/\/samantharadionline.com\/index.php\/wp-json\/wp\/v2\/users\/1"}],"replies":[{"embeddable":true,"href":"https:\/\/samantharadionline.com\/index.php\/wp-json\/wp\/v2\/comments?post=18040"}],"version-history":[{"count":1,"href":"https:\/\/samantharadionline.com\/index.php\/wp-json\/wp\/v2\/posts\/18040\/revisions"}],"predecessor-version":[{"id":18042,"href":"https:\/\/samantharadionline.com\/index.php\/wp-json\/wp\/v2\/posts\/18040\/revisions\/18042"}],"wp:featuredmedia":[{"embeddable":true,"href":"https:\/\/samantharadionline.com\/index.php\/wp-json\/wp\/v2\/media\/18041"}],"wp:attachment":[{"href":"https:\/\/samantharadionline.com\/index.php\/wp-json\/wp\/v2\/media?parent=18040"}],"wp:term":[{"taxonomy":"category","embeddable":true,"href":"https:\/\/samantharadionline.com\/index.php\/wp-json\/wp\/v2\/categories?post=18040"},{"taxonomy":"post_tag","embeddable":true,"href":"https:\/\/samantharadionline.com\/index.php\/wp-json\/wp\/v2\/tags?post=18040"}],"curies":[{"name":"wp","href":"https:\/\/api.w.org\/{rel}","templated":true}]}}