{"id":18034,"date":"2025-08-07T10:21:26","date_gmt":"2025-08-07T14:21:26","guid":{"rendered":"https:\/\/samantharadionline.com\/?p=18034"},"modified":"2025-08-07T10:21:27","modified_gmt":"2025-08-07T14:21:27","slug":"para-la-ampliacion-de-la-republica-de-colombia-el-presupuesto-podria-aumentar","status":"publish","type":"post","link":"https:\/\/samantharadionline.com\/index.php\/2025\/08\/07\/para-la-ampliacion-de-la-republica-de-colombia-el-presupuesto-podria-aumentar\/","title":{"rendered":"Para la ampliaci\u00f3n de la Rep\u00fablica de Colombia el presupuesto podr\u00eda aumentar"},"content":{"rendered":"\n<p class=\"has-medium-font-size\"><em>\u201cPara salvar el Jard\u00edn Bot\u00e1nico se ha ido hacia la parte oeste y eso nos va a costar m\u00e1s en expropiaciones, porque el dise\u00f1o que hab\u00eda en ese Gobierno (del PLD) era llev\u00e1ndose el Bot\u00e1nico y nosotros lo que hicimos fue cambiar el dise\u00f1o\u201d, dijo el mandatario<\/em><\/p>\n\n\n\n<figure class=\"wp-block-image\"><img decoding=\"async\" src=\"https:\/\/listindiario.com\/files\/image_60_60\/uploads\/2023\/05\/24\/646e8604494e2.jpeg\" alt=\"Avatar del Yudelka Dom\u00ednguez\"\/><\/figure>\n\n\n\n<p><em>\u00a0<\/em>Yudelka Dom\u00ednguez, <strong>Santo Domingo, RD.\u00a0<\/strong><\/p>\n\n\n\n<p>El dinero presupuestado en las expropiaciones para la soluci\u00f3n de la avenida Rep\u00fablica de Colombia podr\u00eda aumentar debido a los cambios en el dise\u00f1o de esta importante v\u00eda, de acuerdo a declaraciones del presidente Luis Abinader durante el almuerzo del&nbsp;<strong>Grupo de Comunicaciones Corripio<\/strong>.<\/p>\n\n\n\n<p>Este aumento del presupuesto estar\u00eda debido a los cambios de dise\u00f1o.<\/p>\n\n\n\n<p>\u201cPara salvar el<strong>&nbsp;Jard\u00edn Bot\u00e1nico<\/strong>&nbsp;se ha ido hacia la parte oeste y eso nos va a costar m\u00e1s en expropiaciones, porque el dise\u00f1o que hab\u00eda en ese Gobierno (del&nbsp;<strong>PLD<\/strong>) era llev\u00e1ndose el&nbsp;<strong>Bot\u00e1nico<\/strong>&nbsp;y nosotros lo que hicimos fue cambiar el dise\u00f1o\u201d, dijo el mandatario al ser cuestionado por las declaraciones de&nbsp;<strong>Leonel Fern\u00e1ndez<\/strong>, acerca del dinero recibido de<strong>&nbsp;Aeropuertos Dominicanos Siglo XXI (Aerodom)<\/strong>.<\/p>\n\n\n\n<p>De los 775 millones de d\u00f3lares que se recibieron de Aerodom, el Gobierno dispuso 108 millones de d\u00f3lares para la soluci\u00f3n de la avenida Rep\u00fablica de Colombia. Estos trabajos tambi\u00e9n incluyen la ampliaci\u00f3n de Los Pr\u00f3ceres, Jacobo Majluta y la avenida Monumental.<\/p>\n\n\n\n<p>Dentro de los trabajos presupuestados est\u00e1 la eliminaci\u00f3n de 25 cruces desde la autopista Duarte hasta la Jacoblo Majluta, sustituy\u00e9ndolos por seis retornos; construcci\u00f3n de pasos a desnivel, puentes; la recuperaci\u00f3n de 24,000 metros cuadrados, que por m\u00e1s de 25 a\u00f1os han residido decenas de familias en condiciones de insalubridad, la reducci\u00f3n de aceras en \u00e1reas residenciales y del parque, entre otros.<\/p>\n\n\n\n<p><strong>Lea tambi\u00e9n<\/strong><\/p>\n\n\n\n<p>Durante la presentaci\u00f3n del proyecto, el pasado 23 de julio el Gobierno admiti\u00f3 que uno de los proyectos que presentaba la ampliaci\u00f3n de la&nbsp;<strong>Rep\u00fablica de Colombia<\/strong>&nbsp;inclu\u00eda afectar el Jard\u00edn Bot\u00e1nico.<\/p>\n\n\n\n<p>\u201cEntre las propuestas que se estudiaron tambi\u00e9n hab\u00eda propuestas que contemplaban afectaciones al Jard\u00edn\u201d, explic\u00f3 el viceministro de infraestructura vial del Ministerio de Obras P\u00fablicas y Comunicaciones (MOPC), El\u00edas Santana.<\/p>\n","protected":false},"excerpt":{"rendered":"<p>\u201cPara salvar el Jard\u00edn Bot\u00e1nico se ha ido hacia la parte oeste y eso nos<\/p>\n","protected":false},"author":1,"featured_media":18035,"comment_status":"open","ping_status":"open","sticky":false,"template":"","format":"standard","meta":{"footnotes":""},"categories":[10,12],"tags":[],"class_list":["post-18034","post","type-post","status-publish","format-standard","has-post-thumbnail","hentry","category-economica","category-nacionales"],"_links":{"self":[{"href":"https:\/\/samantharadionline.com\/index.php\/wp-json\/wp\/v2\/posts\/18034","targetHints":{"allow":["GET"]}}],"collection":[{"href":"https:\/\/samantharadionline.com\/index.php\/wp-json\/wp\/v2\/posts"}],"about":[{"href":"https:\/\/samantharadionline.com\/index.php\/wp-json\/wp\/v2\/types\/post"}],"author":[{"embeddable":true,"href":"https:\/\/samantharadionline.com\/index.php\/wp-json\/wp\/v2\/users\/1"}],"replies":[{"embeddable":true,"href":"https:\/\/samantharadionline.com\/index.php\/wp-json\/wp\/v2\/comments?post=18034"}],"version-history":[{"count":1,"href":"https:\/\/samantharadionline.com\/index.php\/wp-json\/wp\/v2\/posts\/18034\/revisions"}],"predecessor-version":[{"id":18036,"href":"https:\/\/samantharadionline.com\/index.php\/wp-json\/wp\/v2\/posts\/18034\/revisions\/18036"}],"wp:featuredmedia":[{"embeddable":true,"href":"https:\/\/samantharadionline.com\/index.php\/wp-json\/wp\/v2\/media\/18035"}],"wp:attachment":[{"href":"https:\/\/samantharadionline.com\/index.php\/wp-json\/wp\/v2\/media?parent=18034"}],"wp:term":[{"taxonomy":"category","embeddable":true,"href":"https:\/\/samantharadionline.com\/index.php\/wp-json\/wp\/v2\/categories?post=18034"},{"taxonomy":"post_tag","embeddable":true,"href":"https:\/\/samantharadionline.com\/index.php\/wp-json\/wp\/v2\/tags?post=18034"}],"curies":[{"name":"wp","href":"https:\/\/api.w.org\/{rel}","templated":true}]}}