{"id":18028,"date":"2025-08-07T10:09:46","date_gmt":"2025-08-07T14:09:46","guid":{"rendered":"https:\/\/samantharadionline.com\/?p=18028"},"modified":"2025-08-07T10:10:26","modified_gmt":"2025-08-07T14:10:26","slug":"contras-a-las-reformas-de-nayib-bukele-del-arzobispo-salvadoreno","status":"publish","type":"post","link":"https:\/\/samantharadionline.com\/index.php\/2025\/08\/07\/contras-a-las-reformas-de-nayib-bukele-del-arzobispo-salvadoreno\/","title":{"rendered":"Contras a las reformas de Nayib Bukele del Arzobispo salvadore\u00f1o"},"content":{"rendered":"\n<p class=\"has-medium-font-size\"><em>Escobar Alas se\u00f1al\u00f3 que las reformas fueron aprobadas y ratificadas \u201cde manera inconsulta\u00bb. Seg\u00fan dijo, \u00abpara la legitimidad de una reforma constitucional, el pueblo debe ser consultado\u201d<\/em><\/p>\n\n\n\n<figure class=\"wp-block-image\"><img decoding=\"async\" src=\"https:\/\/listindiario.com\/files\/image_60_60\/uploads\/2023\/05\/23\/646ccfb2f0e7e.jpeg\" alt=\"Avatar del Agencia AP\"\/><\/figure>\n\n\n\n<p><em>\u00a0<\/em>Agencia ap, <strong>San Salvador, El Salvador<\/strong><\/p>\n\n\n\n<p>El arzobispo de San Salvador, monse\u00f1or Jos\u00e9 Luis Escobar Alas, pidi\u00f3 el mi\u00e9rcoles a los diputados del Congreso salvadore\u00f1o que reconsideren las reformas constitucionales que permiten la reelecci\u00f3n presidencial indefinida, por considerarla ileg\u00edtima.<\/p>\n\n\n\n<p>Durante su homil\u00eda en la catedral metropolitana situada en la capital salvadore\u00f1a, Escobar Alas dijo que, \u201csin otro inter\u00e9s\u201d que \u201cel bien\u201d del pueblo, ped\u00eda a los legisladores que reconsideren las reformas a la Constituci\u00f3n recientemente aprobadas y ratificadas en el Congreso controlado por el partido Nuevas Ideas del presidente Nayib Bukele, que permiten que el mandatario \u2014en el poder desde 2019\u2014 compita en las elecciones de febrero de 2027.<\/p>\n\n\n\n<p>El prelado tambi\u00e9n pidi\u00f3 la derogaci\u00f3n de la Ley General de Miner\u00eda Met\u00e1lica de 2024 que habilita al Estado como \u00fanico responsable de explorar, extraer y procesar minerales en el territorio nacional.<\/p>\n\n\n\n<p>Al referirse a la reelecci\u00f3n indefinida, Escobar Alas se\u00f1al\u00f3 que las reformas fueron aprobadas y ratificadas \u201cde manera inconsulta\u00bb. Seg\u00fan dijo, \u00abpara la legitimidad de una reforma constitucional, el pueblo debe ser consultado\u201d.<\/p>\n\n\n\n<p>El Congreso aprob\u00f3 y ratific\u00f3 modificaciones a cinco art\u00edculos de la Constituci\u00f3n con el fin de avalar la reelecci\u00f3n presidencial sin l\u00edmites, extender el periodo presidencial de cinco a seis a\u00f1os, eliminar la segunda vuelta electoral y reducir el periodo presidencial actual para que Bukele pueda participar en los pr\u00f3ximos comicios.<\/p>\n\n\n\n<p>Los legisladores aprobaron que el periodo presidencial sea de seis a\u00f1os y no de cinco.<\/p>\n\n\n\n<p>Adem\u00e1s eliminaron todo lo concerniente a la segunda vuelta electoral, para que se consideren electos como presidente y vicepresidente de la Rep\u00fablica los candidatos que hayan obtenido el mayor n\u00famero de votos v\u00e1lidos en el correspondiente proceso electoral.<\/p>\n\n\n\n<p>La reforma contempl\u00f3 una disposici\u00f3n transitoria para que el m\u00e1s reciente per\u00edodo presidencial de Bukele, el cual inici\u00f3 el 1 de junio de 2024 y est\u00e1 programado para concluir el 1 de junio de 2029, finalice \u201canticipadamente\u201d el 1 de junio de 2027, con el prop\u00f3sito de unificar las elecciones presidenciales, legislativas y municipales.<\/p>\n\n\n\n<p>Esta disposici\u00f3n transitoria que establece esa \u00faltima fecha electoral permitir\u00eda que el empresario se postule para otro periodo presidencial.<\/p>\n\n\n\n<p>Las reformas fueron rechazadas por organizaciones que defienden los derechos humanos.<\/p>\n\n\n\n<p>Mientras que Bukele las defendi\u00f3 en un mensaje en la red social X, y dijo que el \u201c90% de los pa\u00edses desarrollados permiten la reelecci\u00f3n indefinida de su jefe de gobierno, y nadie se inmuta\u201d.<\/p>\n\n\n\n<p>Afirm\u00f3 que cuando un pa\u00eds peque\u00f1o y pobre como El Salvador intenta hacer lo mismo, \u201cde repente se convierte en el fin de la democracia\u201d.<\/p>\n\n\n\n<p>Pese a las cr\u00edticas de organizaciones humanitarias contra las severas pol\u00edticas de seguridad de Bukele, el \u00faltimo sondeo de opini\u00f3n de LPG Datos publicado en junio en el matutino La Prensa Gr\u00e1fica se\u00f1al\u00f3 que tiene un 85,2% de aprobaci\u00f3n. Solo 1,4% de los encuestados considera que la concentraci\u00f3n de poder en una sola figura es un problema.<\/p>\n\n\n\n<p>En tanto, una investigaci\u00f3n del Instituto Universitario de Opini\u00f3n P\u00fablica de la Universidad Centroamericana Jos\u00e9 Sime\u00f3n Ca\u00f1as publicada en junio indic\u00f3 que 76,6% de los encuestados est\u00e1 de acuerdo o muy de acuerdo con la idea de que Bukele vuelva a ser candidato presidencial en las pr\u00f3ximas elecciones.<\/p>\n","protected":false},"excerpt":{"rendered":"<p>Escobar Alas se\u00f1al\u00f3 que las reformas fueron aprobadas y ratificadas \u201cde manera inconsulta\u00bb. Seg\u00fan dijo,<\/p>\n","protected":false},"author":1,"featured_media":18030,"comment_status":"open","ping_status":"open","sticky":false,"template":"","format":"standard","meta":{"footnotes":""},"categories":[4],"tags":[],"class_list":["post-18028","post","type-post","status-publish","format-standard","has-post-thumbnail","hentry","category-mundiales"],"_links":{"self":[{"href":"https:\/\/samantharadionline.com\/index.php\/wp-json\/wp\/v2\/posts\/18028","targetHints":{"allow":["GET"]}}],"collection":[{"href":"https:\/\/samantharadionline.com\/index.php\/wp-json\/wp\/v2\/posts"}],"about":[{"href":"https:\/\/samantharadionline.com\/index.php\/wp-json\/wp\/v2\/types\/post"}],"author":[{"embeddable":true,"href":"https:\/\/samantharadionline.com\/index.php\/wp-json\/wp\/v2\/users\/1"}],"replies":[{"embeddable":true,"href":"https:\/\/samantharadionline.com\/index.php\/wp-json\/wp\/v2\/comments?post=18028"}],"version-history":[{"count":1,"href":"https:\/\/samantharadionline.com\/index.php\/wp-json\/wp\/v2\/posts\/18028\/revisions"}],"predecessor-version":[{"id":18029,"href":"https:\/\/samantharadionline.com\/index.php\/wp-json\/wp\/v2\/posts\/18028\/revisions\/18029"}],"wp:featuredmedia":[{"embeddable":true,"href":"https:\/\/samantharadionline.com\/index.php\/wp-json\/wp\/v2\/media\/18030"}],"wp:attachment":[{"href":"https:\/\/samantharadionline.com\/index.php\/wp-json\/wp\/v2\/media?parent=18028"}],"wp:term":[{"taxonomy":"category","embeddable":true,"href":"https:\/\/samantharadionline.com\/index.php\/wp-json\/wp\/v2\/categories?post=18028"},{"taxonomy":"post_tag","embeddable":true,"href":"https:\/\/samantharadionline.com\/index.php\/wp-json\/wp\/v2\/tags?post=18028"}],"curies":[{"name":"wp","href":"https:\/\/api.w.org\/{rel}","templated":true}]}}