{"id":18022,"date":"2025-08-07T10:00:59","date_gmt":"2025-08-07T14:00:59","guid":{"rendered":"https:\/\/samantharadionline.com\/?p=18022"},"modified":"2025-08-07T10:01:00","modified_gmt":"2025-08-07T14:01:00","slug":"americo-ortiz-padre-de-david-ortiz","status":"publish","type":"post","link":"https:\/\/samantharadionline.com\/index.php\/2025\/08\/07\/americo-ortiz-padre-de-david-ortiz\/","title":{"rendered":"Am\u00e9rico Ortiz, padre de David Ortiz"},"content":{"rendered":"\n<p class=\"has-medium-font-size\"><em>Hab\u00eda estado enfrentando complicaciones de salud durante las \u00faltimas semanas<\/em><\/p>\n\n\n\n<figure class=\"wp-block-image\"><img decoding=\"async\" src=\"https:\/\/listindiario.com\/files\/image_60_60\/uploads\/2024\/09\/17\/66ea20b960045.jpeg\" alt=\"Avatar del Moises Mej\u00eda\"\/><\/figure>\n\n\n\n<p><em>\u00a0<\/em>Moises Mej\u00eda, <strong>Santo Domingo, RD\u00a0<\/strong><\/p>\n\n\n\n<p>La ma\u00f1ana de este jueves trajo consigo la triste noticia del fallecimiento de&nbsp;<strong>Am\u00e9rico Ortiz,<\/strong>&nbsp;padre del inmortal de&nbsp;<strong>Cooperstown&nbsp;<\/strong>y leyenda de los Medias Rojas de Boston,&nbsp;<strong>David Ortiz<\/strong>.<\/p>\n\n\n\n<p>La informaci\u00f3n fue confirmada a List\u00edn Diario por Manuel Luna, representante de prensa del expelotero dominicano.<\/p>\n\n\n\n<p>Don Am\u00e9rico hab\u00eda estado enfrentando complicaciones de salud durante las \u00faltimas semanas.<\/p>\n\n\n\n<p>Las honras f\u00fanebres se realizar\u00e1n este viernes en el&nbsp;<strong>Cementerio Jard\u00edn Memorial<\/strong>, donde familiares, amigos y allegados podr\u00e1n dar el \u00faltimo adi\u00f3s al progenitor de uno de los m\u00e1s grandes \u00edconos del b\u00e9isbol dominicano y mundial.<\/p>\n\n\n\n<p>El pasado&nbsp;<strong>D\u00eda del Padre,<\/strong>&nbsp;David le dedic\u00f3 unas palabras a su padre a trav\u00e9s de su cuenta de Instagram, acompa\u00f1adas de una fotograf\u00eda en la que ambos aparecen juntos:<\/p>\n\n\n\n<p>\u201cFeliz d\u00eda para el m\u00e1s grande de todos los tiempos\u2026 Dios te d\u00e9 mucha salud y pronta recuperaci\u00f3n, que te amo con todo mi coraz\u00f3n.\u201d<\/p>\n","protected":false},"excerpt":{"rendered":"<p>Hab\u00eda estado enfrentando complicaciones de salud durante las \u00faltimas semanas \u00a0Moises Mej\u00eda, Santo Domingo, RD\u00a0<\/p>\n","protected":false},"author":1,"featured_media":18023,"comment_status":"open","ping_status":"open","sticky":false,"template":"","format":"standard","meta":{"footnotes":""},"categories":[14],"tags":[],"class_list":["post-18022","post","type-post","status-publish","format-standard","has-post-thumbnail","hentry","category-deportes"],"_links":{"self":[{"href":"https:\/\/samantharadionline.com\/index.php\/wp-json\/wp\/v2\/posts\/18022","targetHints":{"allow":["GET"]}}],"collection":[{"href":"https:\/\/samantharadionline.com\/index.php\/wp-json\/wp\/v2\/posts"}],"about":[{"href":"https:\/\/samantharadionline.com\/index.php\/wp-json\/wp\/v2\/types\/post"}],"author":[{"embeddable":true,"href":"https:\/\/samantharadionline.com\/index.php\/wp-json\/wp\/v2\/users\/1"}],"replies":[{"embeddable":true,"href":"https:\/\/samantharadionline.com\/index.php\/wp-json\/wp\/v2\/comments?post=18022"}],"version-history":[{"count":1,"href":"https:\/\/samantharadionline.com\/index.php\/wp-json\/wp\/v2\/posts\/18022\/revisions"}],"predecessor-version":[{"id":18024,"href":"https:\/\/samantharadionline.com\/index.php\/wp-json\/wp\/v2\/posts\/18022\/revisions\/18024"}],"wp:featuredmedia":[{"embeddable":true,"href":"https:\/\/samantharadionline.com\/index.php\/wp-json\/wp\/v2\/media\/18023"}],"wp:attachment":[{"href":"https:\/\/samantharadionline.com\/index.php\/wp-json\/wp\/v2\/media?parent=18022"}],"wp:term":[{"taxonomy":"category","embeddable":true,"href":"https:\/\/samantharadionline.com\/index.php\/wp-json\/wp\/v2\/categories?post=18022"},{"taxonomy":"post_tag","embeddable":true,"href":"https:\/\/samantharadionline.com\/index.php\/wp-json\/wp\/v2\/tags?post=18022"}],"curies":[{"name":"wp","href":"https:\/\/api.w.org\/{rel}","templated":true}]}}