{"id":18019,"date":"2025-08-07T09:58:11","date_gmt":"2025-08-07T13:58:11","guid":{"rendered":"https:\/\/samantharadionline.com\/?p=18019"},"modified":"2025-08-07T09:58:12","modified_gmt":"2025-08-07T13:58:12","slug":"abinader-de-acuerdo-al-retiro-de-las-chatarras-en-instituciones-publicas","status":"publish","type":"post","link":"https:\/\/samantharadionline.com\/index.php\/2025\/08\/07\/abinader-de-acuerdo-al-retiro-de-las-chatarras-en-instituciones-publicas\/","title":{"rendered":"Abinader de acuerdo al retiro de las chatarras en instituciones p\u00fablicas"},"content":{"rendered":"\n<h2 class=\"wp-block-heading has-medium-font-size\"><em><strong>\u201cPienso que eso ayuda al ornato y la limpieza\u201d, expres\u00f3 el mandatario al ser abordado sobre el tema por Miguel Franjul, durante el Almuerzo del Grupo de Comunicaciones Corripio<\/strong><\/em><\/h2>\n\n\n\n<figure class=\"wp-block-image\"><img decoding=\"async\" src=\"https:\/\/listindiario.com\/files\/image_60_60\/uploads\/2025\/07\/13\/68743be1bedc5.jpeg\" alt=\"Avatar del Sauro Scalella\"\/><\/figure>\n\n\n\n<p><em>\u00a0<\/em>Sauro Scalella,<strong> Santo Domingo, RD<\/strong><\/p>\n\n\n\n<p>El presidente\u00a0<strong>Luis Abinader\u00a0<\/strong>respald\u00f3 ayer la eliminaci\u00f3n de chatarras acumuladas en instituciones p\u00fablicas, una problem\u00e1tica denunciada de forma persistente<strong>\u00a0<\/strong>a trav\u00e9s de reportajes y editoriales.<\/p>\n\n\n\n<p>\u201cPienso que eso ayuda al ornato y la limpieza\u201d, expres\u00f3 el mandatario al ser abordado sobre el tema por el director del diario,<strong>\u00a0Miguel Franjul<\/strong>, durante el Almuerzo del Grupo de Comunicaciones Corripio.<\/p>\n\n\n\n<p>\u201cEstamos totalmente de acuerdo con esa pol\u00edtica y esa posici\u00f3n\u201d, agreg\u00f3 el jefe del Estado, quien felicit\u00f3   al peri\u00f3dico por esa iniciativa.<\/p>\n\n\n\n<p>El mandatario indic\u00f3 que, como parte de una posible soluci\u00f3n, se tendr\u00eda que estudiar si existe un vac\u00edo jur\u00eddico que avale a las instituciones para eliminarlos sin ning\u00fan problema judicial.<\/p>\n\n\n\n<p>Puso como ejemplo la&nbsp;<strong>Base A\u00e9rea de San Isidro<\/strong>, donde \u2014seg\u00fan dijo\u2014 hay aviones incautados que no han podido ser removidos por \u201ctemas legales\u201d.<\/p>\n\n\n\n<p>\u201cQuiz\u00e1s hay un tipo de vac\u00edo legal que nos ayude. Tenemos que estudiar las leyes y tal vez las regulaciones, y que bueno que se haya llamado la atenci\u00f3n sobre ese tema\u201d, dijo.<\/p>\n\n\n\n<p><strong>Lea tambi\u00e9n<\/strong><\/p>\n\n\n\n<h3 class=\"wp-block-heading\">Una denuncia persistente<\/h3>\n\n\n\n<p>Durante meses, se ha documentado el abandono de chatarras en terrenos estatales, como el\u00a0<strong>Centro de Procesamiento de Inmigrantes de Haina<\/strong>, donde se acumulan cientos de motocicletas, autobuses y otros veh\u00edculos.<\/p>\n\n\n\n<p>Una situaci\u00f3n similar ocurre en el Palacio de Justicia de Santiago.<\/p>\n\n\n\n<p>Tambi\u00e9n se han reportado c\u00famulos de veh\u00edculos abandonados en calles y espacios p\u00fablicos del Distrito Nacional, Santo Domingo Este, Pedro Brand, Los Alcarrizos, Santiago, San Jos\u00e9 de Ocoa y otras demarcaciones.<\/p>\n\n\n\n<h3 class=\"wp-block-heading\">Presidente destaca avances sociales, econ\u00f3micos y educativos<\/h3>\n\n\n\n<p>Durante el encuentro, el presidente tambi\u00e9n defendi\u00f3 el impacto positivo de las&nbsp;<strong>pol\u00edticas p\u00fablicas<\/strong>&nbsp;implementadas por su gesti\u00f3n, destacando los avances en \u00e1reas como salud, educaci\u00f3n, empleo, infraestructura y asistencia social.<\/p>\n\n\n\n<p>\u201cLas ayudas sociales han estado dando sus resultados. Lo vemos en la disminuci\u00f3n de la pobreza. Cada vez Sup\u00e9rate saca m\u00e1s personas e incorpora nuevas para mejorar su nivel econ\u00f3mico\u201d, afirm\u00f3.<\/p>\n\n\n\n<p>\u201cLos niveles de servicio de salud se han multiplicado y tenemos proyecciones en cada uno de los sectores para seguir mejorando todos esos indicadores: menos pobreza, m\u00e1s y mejores empleos\u201d.<\/p>\n\n\n\n<p>En materia econ\u00f3mica,\u00a0<strong>Abinader subray\u00f3 que el salario m\u00ednimo\u00a0<\/strong>ha aumentado en m\u00e1s de 100 d\u00f3lares, lo que \u2014dijo\u2014 representa mayor capacidad adquisitiva para los trabajadores.<\/p>\n\n\n\n<p>Tambi\u00e9n asegur\u00f3 que se est\u00e1n construyendo obras prioritarias en el pa\u00eds, incluyendo siete circunvalaciones y la mayor inversi\u00f3n en infraestructura registrada en la historia nacional.<\/p>\n\n\n\n<p>El mandatario mencion\u00f3 inversiones en muelles y en la zona tur\u00edstica de Miches, al tiempo que destac\u00f3 una \u201cverdadera revoluci\u00f3n\u201d en la educaci\u00f3n t\u00e9cnica, con 56 centros del El Instituto Nacional de Formaci\u00f3n T\u00e9cnico Profesional (Infotep) en funcionamiento y la expansi\u00f3n del Instituto Tecnol\u00f3gico de Las Am\u00e9ricas (ITLA), que ha pasado de uno a seis recintos operativos, con tres m\u00e1s en proceso.<\/p>\n\n\n\n<p>Tambi\u00e9n se refiri\u00f3 a la apertura de extensiones de la Universidad Aut\u00f3noma de Santo Domingo (<strong>UASD<\/strong>) en Ban\u00ed, Azua, Hato Mayor y pr\u00f3ximamente en Neyba y Cotu\u00ed.<\/p>\n\n\n\n<p>Destac\u00f3 que el pa\u00eds avanza hacia una educaci\u00f3n t\u00e9cnica-universitaria m\u00e1s amplia y de calidad.<\/p>\n\n\n\n<p>\u201cEl pa\u00eds est\u00e1 progresando. Somos un ejemplo y una referencia democr\u00e1tica, de avance institucional. Hemos mejorado significativamente la asistencia educativa\u201d, dijo, y cit\u00f3 el fortalecimiento del sistema de transporte escolar como uno de los logros recientes.<\/p>\n\n\n\n<h3 class=\"wp-block-heading\">Abinader: \u201cEl salario m\u00ednimo en el sector p\u00fablico es indignante\u201d<\/h3>\n\n\n\n<p>En medio de su intervenci\u00f3n, el presidente admiti\u00f3 que el salario m\u00ednimo actual en el sector p\u00fablico, establecido en 10 mil pesos mensuales, es \u201cindignante\u201d y que su gobierno est\u00e1 evaluando soluciones.<\/p>\n\n\n\n<p>\u201cNosotros lo ten\u00edamos contemplado y debemos hacer algo con eso. Vamos a ver en la medida del nuevo presupuesto qu\u00e9 podemos hacer, pero la verdad es que es indignante\u201d, manifest\u00f3 Abinader, al tiempo que revel\u00f3 que ya est\u00e1n en proceso de revisi\u00f3n de ese salario.<\/p>\n","protected":false},"excerpt":{"rendered":"<p>\u201cPienso que eso ayuda al ornato y la limpieza\u201d, expres\u00f3 el mandatario al ser abordado<\/p>\n","protected":false},"author":1,"featured_media":18020,"comment_status":"open","ping_status":"open","sticky":false,"template":"","format":"standard","meta":{"footnotes":""},"categories":[12],"tags":[],"class_list":["post-18019","post","type-post","status-publish","format-standard","has-post-thumbnail","hentry","category-nacionales"],"_links":{"self":[{"href":"https:\/\/samantharadionline.com\/index.php\/wp-json\/wp\/v2\/posts\/18019","targetHints":{"allow":["GET"]}}],"collection":[{"href":"https:\/\/samantharadionline.com\/index.php\/wp-json\/wp\/v2\/posts"}],"about":[{"href":"https:\/\/samantharadionline.com\/index.php\/wp-json\/wp\/v2\/types\/post"}],"author":[{"embeddable":true,"href":"https:\/\/samantharadionline.com\/index.php\/wp-json\/wp\/v2\/users\/1"}],"replies":[{"embeddable":true,"href":"https:\/\/samantharadionline.com\/index.php\/wp-json\/wp\/v2\/comments?post=18019"}],"version-history":[{"count":1,"href":"https:\/\/samantharadionline.com\/index.php\/wp-json\/wp\/v2\/posts\/18019\/revisions"}],"predecessor-version":[{"id":18021,"href":"https:\/\/samantharadionline.com\/index.php\/wp-json\/wp\/v2\/posts\/18019\/revisions\/18021"}],"wp:featuredmedia":[{"embeddable":true,"href":"https:\/\/samantharadionline.com\/index.php\/wp-json\/wp\/v2\/media\/18020"}],"wp:attachment":[{"href":"https:\/\/samantharadionline.com\/index.php\/wp-json\/wp\/v2\/media?parent=18019"}],"wp:term":[{"taxonomy":"category","embeddable":true,"href":"https:\/\/samantharadionline.com\/index.php\/wp-json\/wp\/v2\/categories?post=18019"},{"taxonomy":"post_tag","embeddable":true,"href":"https:\/\/samantharadionline.com\/index.php\/wp-json\/wp\/v2\/tags?post=18019"}],"curies":[{"name":"wp","href":"https:\/\/api.w.org\/{rel}","templated":true}]}}