{"id":18012,"date":"2025-08-06T17:32:26","date_gmt":"2025-08-06T21:32:26","guid":{"rendered":"https:\/\/samantharadionline.com\/?p=18012"},"modified":"2025-08-06T17:32:27","modified_gmt":"2025-08-06T21:32:27","slug":"otra-querella-contra-la-tora-por-difamacion","status":"publish","type":"post","link":"https:\/\/samantharadionline.com\/index.php\/2025\/08\/06\/otra-querella-contra-la-tora-por-difamacion\/","title":{"rendered":"Otra querella contra \u00abLa Tora\u00bb por difamaci\u00f3n"},"content":{"rendered":"\n<p class=\"has-medium-font-size\"><em>Claudina P\u00e9rez Ram\u00edrez, conocida como \u00abLa Tora\u00bb, por presunta difamaci\u00f3n del exdiputado Virgilio Mer\u00e1n Valenzuela<\/em><\/p>\n\n\n\n<figure class=\"wp-block-image\"><img decoding=\"async\" src=\"https:\/\/listindiario.com\/files\/image_60_60\/uploads\/2023\/05\/11\/645d0fa7541ad.png\" alt=\"Avatar del Ram\u00f3n Cruz Benz\u00e1n\"\/><\/figure>\n\n\n\n<p><em>\u00a0<\/em>Ram\u00f3n Cruz Benz\u00e1n<strong>, Santo Domingo, RD<\/strong><\/p>\n\n\n\n<p>La&nbsp;<strong>Fiscal\u00eda del Distrito Nacional<\/strong>&nbsp;fue apoderada de otra querella penal con constituci\u00f3n en actor civil en contra de&nbsp;<strong>Claudina P\u00e9rez Ram\u00edrez<\/strong>, conocida como \u00ab<strong>La Tora\u00bb<\/strong>, por presunta difamaci\u00f3n e injuria presentada por el exdiputado y empresario Virgilio Mer\u00e1n Valenzuela.<\/p>\n\n\n\n<p>La instancia depositada en el&nbsp;<strong>Departamento de Cr\u00edmenes y Delitos de Alta Tecnolog\u00eda de la Fiscal\u00eda<\/strong>&nbsp;incluye a Madelin de la Rosa, la empresa La Tora TV, S.R.L., y el canal televisivo Luna TV Canal 25.<\/p>\n\n\n\n<p>La querella responde a una serie de declaraciones p\u00fablicas en plataformas digitales y programas de televisi\u00f3n en las que, seg\u00fan<strong>&nbsp;Mer\u00e1n Valenzuela<\/strong>, fue vinculado sin pruebas a supuestas actividades delictivas como narcotr\u00e1fico, pr\u00e9stamos ilegales y tentativa de homicidio.<\/p>\n\n\n\n<p>En la querella, el exlegislador alega que las acusaciones son \u201ctemerarias, irresponsables y profundamente ofensivas\u201d, afirmando que atentan contra su honor, integridad personal y su trayectoria profesional y que su lucha no solo busca una reparaci\u00f3n personal, sino tambi\u00e9n sentar un precedente contra el uso abusivo de los medios de comunicaci\u00f3n para difundir difamaciones.<\/p>\n\n\n\n<p>Destac\u00f3 que, durante las \u00faltimas semanas, el pa\u00eds ha sido testigo de una serie de declaraciones p\u00fablicas temerarias, irresponsables y profundamente ofensivas realizadas por la se\u00f1ora<strong>&nbsp;Claudina P\u00e9rez Ram\u00edrez<\/strong>, conocida como&nbsp;<strong>\u201cLa Tora\u201d<\/strong>, a trav\u00e9s de plataformas digitales y canales televisivos.<\/p>\n\n\n\n<h3 class=\"wp-block-heading\">Otras querellas&nbsp;<\/h3>\n\n\n\n<p>Se recuerda que la Fiscal\u00eda del Distrito tambi\u00e9n est\u00e1 apoderada de una querella por difamaci\u00f3n e injuria contra \u00ab<strong>La Tora<\/strong>\u00ab, interpuesta por Isaura Taveras Henr\u00edquez.<\/p>\n\n\n\n<p><strong>Lea tambi\u00e9n<\/strong><\/p>\n\n\n\n<p>La acci\u00f3n legal fue presentada a trav\u00e9s de los abogados&nbsp;<strong>Jos\u00e9 Altagracia Fis Batista, Enmanuel Pimentel Reyes y Enmanuel Mart\u00ednez Acevedo,<\/strong>&nbsp;donde se acusa a<strong>&nbsp;\u00abLa Tora\u00bb<\/strong>&nbsp;de incurrir en los delitos de difamaci\u00f3n e injuria mediante publicaciones en su canal de YouTube \u00abLa Tora\u00bb y redes sociales como Facebook e Instagram.<\/p>\n","protected":false},"excerpt":{"rendered":"<p>Claudina P\u00e9rez Ram\u00edrez, conocida como \u00abLa Tora\u00bb, por presunta difamaci\u00f3n del exdiputado Virgilio Mer\u00e1n Valenzuela<\/p>\n","protected":false},"author":1,"featured_media":18013,"comment_status":"open","ping_status":"open","sticky":false,"template":"","format":"standard","meta":{"footnotes":""},"categories":[11],"tags":[],"class_list":["post-18012","post","type-post","status-publish","format-standard","has-post-thumbnail","hentry","category-entretenimiento"],"_links":{"self":[{"href":"https:\/\/samantharadionline.com\/index.php\/wp-json\/wp\/v2\/posts\/18012","targetHints":{"allow":["GET"]}}],"collection":[{"href":"https:\/\/samantharadionline.com\/index.php\/wp-json\/wp\/v2\/posts"}],"about":[{"href":"https:\/\/samantharadionline.com\/index.php\/wp-json\/wp\/v2\/types\/post"}],"author":[{"embeddable":true,"href":"https:\/\/samantharadionline.com\/index.php\/wp-json\/wp\/v2\/users\/1"}],"replies":[{"embeddable":true,"href":"https:\/\/samantharadionline.com\/index.php\/wp-json\/wp\/v2\/comments?post=18012"}],"version-history":[{"count":1,"href":"https:\/\/samantharadionline.com\/index.php\/wp-json\/wp\/v2\/posts\/18012\/revisions"}],"predecessor-version":[{"id":18014,"href":"https:\/\/samantharadionline.com\/index.php\/wp-json\/wp\/v2\/posts\/18012\/revisions\/18014"}],"wp:featuredmedia":[{"embeddable":true,"href":"https:\/\/samantharadionline.com\/index.php\/wp-json\/wp\/v2\/media\/18013"}],"wp:attachment":[{"href":"https:\/\/samantharadionline.com\/index.php\/wp-json\/wp\/v2\/media?parent=18012"}],"wp:term":[{"taxonomy":"category","embeddable":true,"href":"https:\/\/samantharadionline.com\/index.php\/wp-json\/wp\/v2\/categories?post=18012"},{"taxonomy":"post_tag","embeddable":true,"href":"https:\/\/samantharadionline.com\/index.php\/wp-json\/wp\/v2\/tags?post=18012"}],"curies":[{"name":"wp","href":"https:\/\/api.w.org\/{rel}","templated":true}]}}