{"id":18008,"date":"2025-08-06T17:28:29","date_gmt":"2025-08-06T21:28:29","guid":{"rendered":"https:\/\/samantharadionline.com\/?p=18008"},"modified":"2025-08-06T17:28:30","modified_gmt":"2025-08-06T21:28:30","slug":"el-problema-con-haiti-no-es-migratorio-sino-de-seguridad-nacional-por-bandas-criminales","status":"publish","type":"post","link":"https:\/\/samantharadionline.com\/index.php\/2025\/08\/06\/el-problema-con-haiti-no-es-migratorio-sino-de-seguridad-nacional-por-bandas-criminales\/","title":{"rendered":"\u201cEl problema con Hait\u00ed no es migratorio, sino de seguridad nacional\u201d por bandas criminales"},"content":{"rendered":"\n<p class=\"has-medium-font-size\"><em>Resalta que las bandas criminales se extienden cerca de la frontera<\/em><\/p>\n\n\n\n<figure class=\"wp-block-image\"><img decoding=\"async\" src=\"https:\/\/listindiario.com\/files\/image_60_60\/uploads\/2025\/07\/23\/68815148bac7d.jpeg\" alt=\"Avatar del Deyanira Polanco\"\/><\/figure>\n\n\n\n<p><em>\u00a0<\/em>Deyanira Polanco,<strong> Santo Domingo, RD<\/strong><\/p>\n\n\n\n<p>El presidente Luis Abinader afirm\u00f3 este mi\u00e9rcoles que el principal problema que tiene Rep\u00fablica Dominicana con Hait\u00ed no es el tema migratorio, sino la seguridad nacional.<\/p>\n\n\n\n<p>\u201cYo quiero aclarar algo. Nosotros no tenemos problema migratorio con Hait\u00ed, nosotros tenemos un problema de seguridad nacional con el tema Hait\u00ed. Ahora mismo el 90% del sur de Hait\u00ed, especialmente en \u00e1rea de Puerto Pr\u00edncipe, que es donde est\u00e1 el 40% de la poblaci\u00f3n haitiana, est\u00e1 en manos de bandas criminales\u201d dijo el presidente al participar en el Almuerzo del Grupo Corripio.<\/p>\n\n\n\n<p>El periodista Bienvenido \u00c1lvarez Vega, director del peri\u00f3dico Hoy, pregunt\u00f3 sobre las inquietudes externadas por distintos sectores por las dificultades de mano de obra en construcci\u00f3n, el turismo, el campo que tienen tras las deportaciones de haitianos.<\/p>\n\n\n\n<p>El mandatario enfatiz\u00f3 que se trata de la seguridad nacional, dada la expansi\u00f3n en Hait\u00ed de las bandas criminales.<\/p>\n\n\n\n<p>Dijo que apenas 60 kil\u00f3metros de la frontera en la poblaci\u00f3n de Caoba, en la zona de Artibonito, en el centro de Hait\u00ed, ya han llegado las pandillas. \u201cO sea, el problema no es un simple problema migratorio, es de seguridad nacional y por eso hay que tratarlo as\u00ed\u201d.<\/p>\n\n\n\n<p>Resalt\u00f3 los esfuerzos que hizo desde que asumi\u00f3 el poder en 2020 para tratar de normalizar las relaciones con Hait\u00ed, y por eso acordaron algunos puntos que firmaron con el presidente Jovenel Moise. \u201c Y desgraciadamente unos meses despu\u00e9s, pues lo asesinaron y a partir de ah\u00ed ha habido un deterioro progresivo de la seguridad en Hait\u00ed, por lo tanto, si nos comparamos con otros pa\u00edses del mundo, no hay una situaci\u00f3n tan dif\u00edcil como la tenemos nosotros. Eso dificulta una relaci\u00f3n normal con Hait\u00ed\u201d indic\u00f3.<\/p>\n\n\n\n<p>Refiri\u00f3 los esfuerzos que hacen en Rep\u00fablica Dominicana para adoptar decisiones conjuntas frente al tema haitiano, como las reuniones con los expresidentes&nbsp;<strong>Danilo Medina, Leonel Fern\u00e1ndez e Hip\u00f3lito Mej\u00eda<\/strong>, a quienes felicit\u00f3 por el sentido patri\u00f3tico que han tendido frente a este tema.<\/p>\n\n\n\n<p>El presidente Abinader inform\u00f3 que recibi\u00f3 una comunicaci\u00f3n de Rafael Toribio, presidente del Consejo Econ\u00f3mico y Social (CES), indicando que las comisiones enviadas por los partidos pol\u00edticos y la sociedad al CES<strong>&nbsp;se reunir\u00e1n esta semana<\/strong>&nbsp;y la pr\u00f3xima. El objetivo de estas reuniones es analizar y discutir medidas conjuntas para garantizar la seguridad nacional, mostrando un enfoque de colaboraci\u00f3n entre el gobierno, los partidos y la sociedad civil frente a los desaf\u00edos relacionados con Hait\u00ed y la seguridad en la frontera.<\/p>\n","protected":false},"excerpt":{"rendered":"<p>Resalta que las bandas criminales se extienden cerca de la frontera \u00a0Deyanira Polanco, Santo Domingo,<\/p>\n","protected":false},"author":1,"featured_media":18009,"comment_status":"open","ping_status":"open","sticky":false,"template":"","format":"standard","meta":{"footnotes":""},"categories":[12],"tags":[],"class_list":["post-18008","post","type-post","status-publish","format-standard","has-post-thumbnail","hentry","category-nacionales"],"_links":{"self":[{"href":"https:\/\/samantharadionline.com\/index.php\/wp-json\/wp\/v2\/posts\/18008","targetHints":{"allow":["GET"]}}],"collection":[{"href":"https:\/\/samantharadionline.com\/index.php\/wp-json\/wp\/v2\/posts"}],"about":[{"href":"https:\/\/samantharadionline.com\/index.php\/wp-json\/wp\/v2\/types\/post"}],"author":[{"embeddable":true,"href":"https:\/\/samantharadionline.com\/index.php\/wp-json\/wp\/v2\/users\/1"}],"replies":[{"embeddable":true,"href":"https:\/\/samantharadionline.com\/index.php\/wp-json\/wp\/v2\/comments?post=18008"}],"version-history":[{"count":1,"href":"https:\/\/samantharadionline.com\/index.php\/wp-json\/wp\/v2\/posts\/18008\/revisions"}],"predecessor-version":[{"id":18010,"href":"https:\/\/samantharadionline.com\/index.php\/wp-json\/wp\/v2\/posts\/18008\/revisions\/18010"}],"wp:featuredmedia":[{"embeddable":true,"href":"https:\/\/samantharadionline.com\/index.php\/wp-json\/wp\/v2\/media\/18009"}],"wp:attachment":[{"href":"https:\/\/samantharadionline.com\/index.php\/wp-json\/wp\/v2\/media?parent=18008"}],"wp:term":[{"taxonomy":"category","embeddable":true,"href":"https:\/\/samantharadionline.com\/index.php\/wp-json\/wp\/v2\/categories?post=18008"},{"taxonomy":"post_tag","embeddable":true,"href":"https:\/\/samantharadionline.com\/index.php\/wp-json\/wp\/v2\/tags?post=18008"}],"curies":[{"name":"wp","href":"https:\/\/api.w.org\/{rel}","templated":true}]}}