{"id":18005,"date":"2025-08-06T17:25:45","date_gmt":"2025-08-06T21:25:45","guid":{"rendered":"https:\/\/samantharadionline.com\/?p=18005"},"modified":"2025-08-06T17:25:46","modified_gmt":"2025-08-06T21:25:46","slug":"presidente-abinader-responde-a-leonel-sobre-recursos-de-aerodom","status":"publish","type":"post","link":"https:\/\/samantharadionline.com\/index.php\/2025\/08\/06\/presidente-abinader-responde-a-leonel-sobre-recursos-de-aerodom\/","title":{"rendered":"Presidente Abinader responde a Leonel sobre recursos de Aerodom"},"content":{"rendered":"\n<p class=\"has-medium-font-size\"><em>Dice que los trabajos en la v\u00eda expresa de la Plaza de la Bandera, que se inaugurar\u00e1 en octubre,\u00a0 y la ampliaci\u00f3n de la Rep\u00fablica de Colombia son con esos recursos<\/em><\/p>\n\n\n\n<figure class=\"wp-block-image\"><img decoding=\"async\" src=\"https:\/\/listindiario.com\/files\/image_60_60\/uploads\/2025\/07\/23\/68815148bac7d.jpeg\" alt=\"Avatar del Deyanira Polanco\"\/><\/figure>\n\n\n\n<p><em>\u00a0<\/em>Deyanira Polanco, <strong>Santo Domingo, RD<\/strong><\/p>\n\n\n\n<p><strong>El presidente Luis Abinader<\/strong>&nbsp;respondi\u00f3 a los cuestionamientos hechos por el expresidente Leonel Fern\u00e1ndez sobre el uso de los recursos de la negociaci\u00f3n con Aeropuertos Dominicanos Siglo XXI (<strong>Aerodom<\/strong>), y junto al ministro de Obras P\u00fablicas, Eduardo Estrella, detallaron las obras en ejecuci\u00f3n con esos fondos.<\/p>\n\n\n\n<p>Abinader anunci\u00f3 que el pr\u00f3ximo 13 de este mes se dar\u00e1 el primer picazo para la construcci\u00f3n de la segunda terminal del Aeropuerto Internacional de Las Am\u00e9ricas y en octubre inaugurar\u00e1n los trabajos que se realizan en Pintura, (en la Isabel Aguijar con 27 de Febrero).<\/p>\n\n\n\n<p>Con la extensi\u00f3n del contrato, el Gobierno recibir\u00eda 775 millones de d\u00f3lares, de los que 16,000 millones de pesos lo ejecutar\u00eda en obras viales.<\/p>\n\n\n\n<p>\u201cQu\u00e9 bueno que el presidente Fern\u00e1ndez reconoce la buena negociaci\u00f3n que hicimos con Aerodom, porque&nbsp;<strong>\u00e9l dec\u00eda que no nos hab\u00edan entregado recursos<\/strong>, por cierto, quiero anunciar que, adem\u00e1s, de esos recursos, con las obras que se est\u00e1n haciendo, que las voy a describir ahora, en la pr\u00f3xima semana, me parece, como se estaba programado, se dar\u00e1 el primer picazo, seg\u00fan el contrato de la negociaci\u00f3n con Aerodom, de la segunda terminal del Aeropuerto Internacional de Las Am\u00e9ricas\u201d expres\u00f3 el mandatario al participar en el Almuerzo del Grupo Corripio.<\/p>\n\n\n\n<p>Abinader aprovech\u00f3 para cuestionar, entonces, al expresidente Fern\u00e1ndez sobre la negociaci\u00f3n que este hizo en su gesti\u00f3n.<\/p>\n\n\n\n<p>\u201c<strong>Lo que yo no s\u00e9 qu\u00e9 se hizo con los recursos de la negociaci\u00f3n de Aerodom&nbsp;<\/strong>que \u00e9l (Leonel) firm\u00f3. \u00bfHubo recursos cuando \u00e9l firm\u00f3 con Aerodom?.. Preg\u00fanteselo porque no recuerdo si hubo recursos y no recuerdo qu\u00e9 se hizo, me parece que no lo hubo, a diferencia de esta buena negociaci\u00f3n\u201d, expres\u00f3 el mandatario.<\/p>\n\n\n\n<p>En su columna Observatorio Global, publicada en List\u00edn Diario, el expresidente Fern\u00e1ndez dijo que \u201cun misterio preocupante, porque ya los fondos de Aerodom no existen, se agotaron, sin que se sepa a cu\u00e1les obras se aplicaron\u201d.<\/p>\n\n\n\n<p><strong>Lea tambi\u00e9n<\/strong><\/p>\n\n\n\n<p><strong>Para salvar el Jard\u00edn Bot\u00e1nico aumentar\u00e1 el costo<\/strong><\/p>\n\n\n\n<p>Abinader abund\u00f3 que nombr\u00f3 una comisi\u00f3n que preside el ingeniero Ricardo Canalda Carvajal, que hay varios comunicadores que le est\u00e1n dando seguimiento a obras importantes entre ellas la ampliaci\u00f3n de la avenida Rep\u00fablica de Colombia, \u201cpara salvar el Jard\u00edn Bot\u00e1nico se ha ido hacia la parte oeste y va a costar m\u00e1s en expropiaciones, porque el dise\u00f1o que hab\u00eda era llev\u00e1ndose el Bot\u00e1nico\u201d.<\/p>\n\n\n\n<p>Dijo que pedir\u00e1n a esa comisi\u00f3n que entregue el \u00faltimo informe.<\/p>\n\n\n\n<p>Abinader justific\u00f3 el uso de esos recursos en los tres principales puntos del tr\u00e1nsito en la Capital, que seg\u00fan cit\u00f3 son la v\u00eda expresa desde&nbsp;<strong>la Plaza de la Bandera , Isabel Aguiar (parada de Pintura) para conectar con la 6 de Noviembre, el kil\u00f3metro 9 de la autopista Duarte y la Rep\u00fablica de Colombia.<\/strong><\/p>\n\n\n\n<p>Cit\u00f3 otros proyectos que requieren de dise\u00f1o, aprobaci\u00f3n medioambiente, y corregir asuntos legales, porque hay proyectos que no estaban dise\u00f1ados<\/p>\n\n\n\n<p><strong>Eduardo Estrella<\/strong><\/p>\n\n\n\n<p>Mientras, el ministro de Obras P\u00fablicas, Eduardo Estrella, se refiri\u00f3 a otros proyectos que est\u00e1n consignados para los fondos de Aerodom como son: el puente basculante (que sustituir\u00eda el puente flotante sobre el r\u00edo Ozama), que van a subir la licitaci\u00f3n para compa\u00f1\u00eda supervisora, para luego subir la licitaci\u00f3n de dise\u00f1o y construcci\u00f3n porque ese es un puente muy especializado.<\/p>\n\n\n\n<p>\u201cAl d\u00eda de hoy todas las cubicaciones, tanto de Pintura, Bandera (Plaza de la Bandera), como la de la Rep\u00fablica de Colombia est\u00e1n con los pagos al d\u00eda con los fondos de Aerodom.&nbsp;<strong>No ha faltado un solo centavo<\/strong>&nbsp;y recurso del gobierno para pagar las cubicaciones\u201d afirm\u00f3 el minsitro.<\/p>\n\n\n\n<p>Agreg\u00f3 que van a comenzar un paso a desnivel en lo que en la carretera Sabana Perdida-La Victoria y la construcci\u00f3n de un puente paralelo al Jacinto Peynado, que une la avenida M\u00e1ximo G\u00f3mez, est\u00e1n viendo el tema de un contrato viejo, que es un tema legal .<\/p>\n\n\n\n<p>Las cinco obras que prometieron, dijo Abinader con los fondos de Aerodom est\u00e1n en ejecuci\u00f3n.<\/p>\n","protected":false},"excerpt":{"rendered":"<p>Dice que los trabajos en la v\u00eda expresa de la Plaza de la Bandera, que<\/p>\n","protected":false},"author":1,"featured_media":18006,"comment_status":"open","ping_status":"open","sticky":false,"template":"","format":"standard","meta":{"footnotes":""},"categories":[12],"tags":[],"class_list":["post-18005","post","type-post","status-publish","format-standard","has-post-thumbnail","hentry","category-nacionales"],"_links":{"self":[{"href":"https:\/\/samantharadionline.com\/index.php\/wp-json\/wp\/v2\/posts\/18005","targetHints":{"allow":["GET"]}}],"collection":[{"href":"https:\/\/samantharadionline.com\/index.php\/wp-json\/wp\/v2\/posts"}],"about":[{"href":"https:\/\/samantharadionline.com\/index.php\/wp-json\/wp\/v2\/types\/post"}],"author":[{"embeddable":true,"href":"https:\/\/samantharadionline.com\/index.php\/wp-json\/wp\/v2\/users\/1"}],"replies":[{"embeddable":true,"href":"https:\/\/samantharadionline.com\/index.php\/wp-json\/wp\/v2\/comments?post=18005"}],"version-history":[{"count":1,"href":"https:\/\/samantharadionline.com\/index.php\/wp-json\/wp\/v2\/posts\/18005\/revisions"}],"predecessor-version":[{"id":18007,"href":"https:\/\/samantharadionline.com\/index.php\/wp-json\/wp\/v2\/posts\/18005\/revisions\/18007"}],"wp:featuredmedia":[{"embeddable":true,"href":"https:\/\/samantharadionline.com\/index.php\/wp-json\/wp\/v2\/media\/18006"}],"wp:attachment":[{"href":"https:\/\/samantharadionline.com\/index.php\/wp-json\/wp\/v2\/media?parent=18005"}],"wp:term":[{"taxonomy":"category","embeddable":true,"href":"https:\/\/samantharadionline.com\/index.php\/wp-json\/wp\/v2\/categories?post=18005"},{"taxonomy":"post_tag","embeddable":true,"href":"https:\/\/samantharadionline.com\/index.php\/wp-json\/wp\/v2\/tags?post=18005"}],"curies":[{"name":"wp","href":"https:\/\/api.w.org\/{rel}","templated":true}]}}